{"id":15332,"date":"2025-01-14T19:57:26","date_gmt":"2025-01-14T19:57:26","guid":{"rendered":"http:\/\/revistalaneta.com.mx\/?p=15332"},"modified":"2025-01-14T19:57:47","modified_gmt":"2025-01-14T19:57:47","slug":"invita-gobierno-municipal-a-registro-para-beca-de-primaria-y-educacion-especial","status":"publish","type":"post","link":"http:\/\/revistalaneta.com.mx\/?p=15332","title":{"rendered":"Invita Gobierno Municipal a registro para beca de primaria y educaci\u00f3n especial"},"content":{"rendered":"\n<p><\/p>\n\n\n\n<p>Nuevo Laredo, Tamps.- El registro para las Becas \u201cJuntos lo hacemos posible\u201d de primaria y educaci\u00f3n especial sigue abierto y el Gobierno Municipal, invita a los padres de familia o tutores para que aprovechen este beneficio.<\/p>\n\n\n\n<p>Para facilitar el tr\u00e1mite, el municipio activ\u00f3 tres m\u00f3dulos donde estar\u00e1n apoyando con el registro en l\u00ednea a quienes no tengan acceso a internet, la atenci\u00f3n ser\u00e1 de 9 AM a 2 PM hasta el 19 de enero.<\/p>\n\n\n\n<p>Los m\u00f3dulos est\u00e1n instalados en la Direcci\u00f3n de Educaci\u00f3n ubicada en el anexo a presidencia municipal, en la Biblioteca Octavio Paz ubicada en la colonia Concordia y en la Biblioteca Emiliano Zapata ubicada en Calzada Revoluci\u00f3n 7401, colonia Buena Vista.<\/p>\n\n\n\n<p>Los aspirantes a recibir la beca \u201cJuntos por la Educaci\u00f3n Primaria\u201d, son alumnos de educaci\u00f3n primaria a partir de segundo grado, tener nacionalidad mexicana, pertenecer a escuelas p\u00fablicas de la localidad incorporadas a la Secretar\u00eda de Educaci\u00f3n P\u00fablica, no deben contar con apoyo estatal por parte del Instituto Tamaulipeco de Becas, Est\u00edmulos y Cr\u00e9ditos Educativos (ITABEC) y contar con un promedio m\u00ednimo de 8.0 en el ciclo escolar 2023-2024.<\/p>\n\n\n\n<p>La convocatoria de la beca \u201cJuntos por la Educaci\u00f3n Especial\u201d para el ciclo escolar 2024- 2025 est\u00e1 dirigida a alumnos de educaci\u00f3n especial a partir de nivel preescolar hasta postgrado.<\/p>\n\n\n\n<p>En ambos programas de becas todas las solicitudes participan como nuevos ingresos y entran a concurso, no existe renovaci\u00f3n autom\u00e1tica.<\/p>\n\n\n\n<p>El registro en l\u00ednea ser\u00e1 hasta el 19 de enero del 2025 y los pasos a seguir son los siguientes; deben ingresar a la pagina web oficial www.nld.gob.mx , ir al apartado Registro en L\u00ednea, seleccionar Beca Juntos por la Educaci\u00f3n Primaria, llenar los campos con la informaci\u00f3n solicitada, subir los requisitos del estudiantes en formado PDF.<\/p>\n","protected":false},"excerpt":{"rendered":"<p>Nuevo Laredo, Tamps.- El registro para las Becas \u201cJuntos lo hacemos posible\u201d de primaria y educaci\u00f3n especial sigue abierto y el Gobierno Municipal, invita a los padres de familia o &hellip; <a href=\"http:\/\/revistalaneta.com.mx\/?p=15332\" class=\"more-link\">Leer m\u00e1s<\/a><\/p>\n","protected":false},"author":1,"featured_media":15331,"comment_status":"open","ping_status":"open","sticky":false,"template":"","format":"standard","meta":{"footnotes":""},"categories":[4],"tags":[],"class_list":["post-15332","post","type-post","status-publish","format-standard","has-post-thumbnail","hentry","category-nuevo-laredo","entry"],"_links":{"self":[{"href":"http:\/\/revistalaneta.com.mx\/index.php?rest_route=\/wp\/v2\/posts\/15332","targetHints":{"allow":["GET"]}}],"collection":[{"href":"http:\/\/revistalaneta.com.mx\/index.php?rest_route=\/wp\/v2\/posts"}],"about":[{"href":"http:\/\/revistalaneta.com.mx\/index.php?rest_route=\/wp\/v2\/types\/post"}],"author":[{"embeddable":true,"href":"http:\/\/revistalaneta.com.mx\/index.php?rest_route=\/wp\/v2\/users\/1"}],"replies":[{"embeddable":true,"href":"http:\/\/revistalaneta.com.mx\/index.php?rest_route=%2Fwp%2Fv2%2Fcomments&post=15332"}],"version-history":[{"count":1,"href":"http:\/\/revistalaneta.com.mx\/index.php?rest_route=\/wp\/v2\/posts\/15332\/revisions"}],"predecessor-version":[{"id":15333,"href":"http:\/\/revistalaneta.com.mx\/index.php?rest_route=\/wp\/v2\/posts\/15332\/revisions\/15333"}],"wp:featuredmedia":[{"embeddable":true,"href":"http:\/\/revistalaneta.com.mx\/index.php?rest_route=\/wp\/v2\/media\/15331"}],"wp:attachment":[{"href":"http:\/\/revistalaneta.com.mx\/index.php?rest_route=%2Fwp%2Fv2%2Fmedia&parent=15332"}],"wp:term":[{"taxonomy":"category","embeddable":true,"href":"http:\/\/revistalaneta.com.mx\/index.php?rest_route=%2Fwp%2Fv2%2Fcategories&post=15332"},{"taxonomy":"post_tag","embeddable":true,"href":"http:\/\/revistalaneta.com.mx\/index.php?rest_route=%2Fwp%2Fv2%2Ftags&post=15332"}],"curies":[{"name":"wp","href":"https:\/\/api.w.org\/{rel}","templated":true}]}}