{"id":15349,"date":"2025-01-15T16:14:10","date_gmt":"2025-01-15T16:14:10","guid":{"rendered":"http:\/\/revistalaneta.com.mx\/?p=15349"},"modified":"2025-01-15T16:14:41","modified_gmt":"2025-01-15T16:14:41","slug":"reinicia-cretam-actividades-de-posgrado-y-doctorado","status":"publish","type":"post","link":"http:\/\/revistalaneta.com.mx\/?p=15349","title":{"rendered":"Reinicia CRETAM actividades de posgrado y doctorado"},"content":{"rendered":"\n<p><\/p>\n\n\n\n<ul class=\"wp-block-list\">\n<li>Con la Maestr\u00eda en Investigaci\u00f3n Educativa y el Doctorado en Pol\u00edticas Educativas se retoman las clases para docentes de Reynosa, Victoria y Altamira que cursan estos programas acad\u00e9micos<\/li>\n\n\n\n<li><\/li>\n<\/ul>\n\n\n\n<p>Ciudad Victoria, Tamaulipas.- Se reiniciaron actividades acad\u00e9micas en el Centro Regional de Formaci\u00f3n Docente e Investigaci\u00f3n Educativa (CRETAM), con la reanudaci\u00f3n de clases en la Maestr\u00eda en Investigaci\u00f3n Educativa y en el Doctorado en Pol\u00edticas Educativas, inform\u00f3 la rectora del centro, Amelia Castillo Mor\u00e1n.<\/p>\n\n\n\n<p>Su titular expres\u00f3 que ya est\u00e1 de nuevo en funciones desde el pasado s\u00e1bado 11 de enero, en las dos especialidades educativas mencionadas, mismas que cursan maestras y maestros de los municipios de Reynosa, Victoria y Altamira.<\/p>\n\n\n\n<p>Con motivo del retorno a actividades escolares, Castillo Mor\u00e1n ofreci\u00f3 un mensaje de bienvenida y buenos deseos para el nuevo a\u00f1o, exhortando a las y los docentes a continuar desarrollando sus capacidades mediante la formaci\u00f3n acad\u00e9mica, lo que fortalece sus conocimientos y experiencias en el campo educativo.<\/p>\n\n\n\n<p>Indic\u00f3 que para este nuevo ciclo escolar, el CRETAM realizar\u00e1 diversas actividades y proyectos que buscan elevar la efectividad en la formaci\u00f3n profesional de las y los docentes tamaulipecos, que adem\u00e1s de los posgrados permanentes con que cuenta, tambi\u00e9n ofrece seminarios, tutor\u00edas, conversatorios y talleres que estar\u00e1n disponibles a lo largo del a\u00f1o.<\/p>\n\n\n\n<p>Se\u00f1al\u00f3 que estas actividades tienen el prop\u00f3sito de enriquecer los conocimientos del magisterio y que son posibles gracias al decidido respaldo con que cuenta la instituci\u00f3n de parte del Gobierno del Estado, bajo el liderazgo de Am\u00e9rico Villarreal Anaya, y de la Secretar\u00eda de Educaci\u00f3n, que conduce su titular, Luc\u00eda Aim\u00e9 Castillo Pastor, que inspirados por el humanismo impulsan la transformaci\u00f3n y especializaci\u00f3n de las y los docentes tamaulipecos.<code> * * *<\/code><\/p>\n","protected":false},"excerpt":{"rendered":"<p>Ciudad Victoria, Tamaulipas.- Se reiniciaron actividades acad\u00e9micas en el Centro Regional de Formaci\u00f3n Docente e Investigaci\u00f3n Educativa (CRETAM), con la reanudaci\u00f3n de clases en la Maestr\u00eda en Investigaci\u00f3n Educativa y &hellip; <a href=\"http:\/\/revistalaneta.com.mx\/?p=15349\" class=\"more-link\">Leer m\u00e1s<\/a><\/p>\n","protected":false},"author":1,"featured_media":15348,"comment_status":"open","ping_status":"open","sticky":false,"template":"","format":"standard","meta":{"footnotes":""},"categories":[7],"tags":[],"class_list":["post-15349","post","type-post","status-publish","format-standard","has-post-thumbnail","hentry","category-ciudad-victoria","entry"],"_links":{"self":[{"href":"http:\/\/revistalaneta.com.mx\/index.php?rest_route=\/wp\/v2\/posts\/15349","targetHints":{"allow":["GET"]}}],"collection":[{"href":"http:\/\/revistalaneta.com.mx\/index.php?rest_route=\/wp\/v2\/posts"}],"about":[{"href":"http:\/\/revistalaneta.com.mx\/index.php?rest_route=\/wp\/v2\/types\/post"}],"author":[{"embeddable":true,"href":"http:\/\/revistalaneta.com.mx\/index.php?rest_route=\/wp\/v2\/users\/1"}],"replies":[{"embeddable":true,"href":"http:\/\/revistalaneta.com.mx\/index.php?rest_route=%2Fwp%2Fv2%2Fcomments&post=15349"}],"version-history":[{"count":1,"href":"http:\/\/revistalaneta.com.mx\/index.php?rest_route=\/wp\/v2\/posts\/15349\/revisions"}],"predecessor-version":[{"id":15350,"href":"http:\/\/revistalaneta.com.mx\/index.php?rest_route=\/wp\/v2\/posts\/15349\/revisions\/15350"}],"wp:featuredmedia":[{"embeddable":true,"href":"http:\/\/revistalaneta.com.mx\/index.php?rest_route=\/wp\/v2\/media\/15348"}],"wp:attachment":[{"href":"http:\/\/revistalaneta.com.mx\/index.php?rest_route=%2Fwp%2Fv2%2Fmedia&parent=15349"}],"wp:term":[{"taxonomy":"category","embeddable":true,"href":"http:\/\/revistalaneta.com.mx\/index.php?rest_route=%2Fwp%2Fv2%2Fcategories&post=15349"},{"taxonomy":"post_tag","embeddable":true,"href":"http:\/\/revistalaneta.com.mx\/index.php?rest_route=%2Fwp%2Fv2%2Ftags&post=15349"}],"curies":[{"name":"wp","href":"https:\/\/api.w.org\/{rel}","templated":true}]}}