{"id":15370,"date":"2025-01-17T03:14:04","date_gmt":"2025-01-17T03:14:04","guid":{"rendered":"http:\/\/revistalaneta.com.mx\/?p=15370"},"modified":"2025-01-17T03:14:36","modified_gmt":"2025-01-17T03:14:36","slug":"preparan-primer-festival-del-cabrito-en-tamaulipas-benjamin-hernandez","status":"publish","type":"post","link":"http:\/\/revistalaneta.com.mx\/?p=15370","title":{"rendered":"Preparan Primer Festival del Cabrito en Tamaulipas: Benjam\u00edn Hern\u00e1ndez"},"content":{"rendered":"\n<p><\/p>\n\n\n\n<ul class=\"wp-block-list\">\n<li>La sede para disfrutar del sabor y la textura de este platillo ser\u00e1 el Pueblo M\u00e1gico de Tula<\/li>\n<\/ul>\n\n\n\n<p><\/p>\n\n\n\n<p>Ciudad Victoria, Tamaulipas.- La Secretar\u00eda de Turismo en Tamaulipas prepara el Primer Festival del Cabrito en el Pueblo M\u00e1gico de Tula para el pr\u00f3ximo 1 y 2 de febrero del presente a\u00f1o.<\/p>\n\n\n\n<p>Benjam\u00edn Hern\u00e1ndez Rodr\u00edguez, titular de la dependencia, destac\u00f3 que est\u00e1n en colaboraci\u00f3n con diferentes instancias para organizar y promover este festival, incentivando el turismo en esta regi\u00f3n del altiplano tamaulipeco.<\/p>\n\n\n\n<p>&#8220;Son dos d\u00edas de festival. Estamos tratando de involucrar a m\u00e1s dependencias, municipios y a la sociedad que gusta de participar en el desarrollo de su estado, para que sea un gran festejo\u201d, indic\u00f3.<\/p>\n\n\n\n<p>Se trata, dijo, de promover entre los turistas nacionales y extranjeros las bellezas que tiene Tamaulipas en cada uno de sus destinos tur\u00edsticos, tanto en gastronom\u00eda como en naturaleza, artesan\u00edas, historia y m\u00e1s.<\/p>\n\n\n\n<p>\u201cEn este sentido, nuestros Pueblos M\u00e1gicos son un hermoso destino donde hay mucho que descubrir en gastronom\u00eda, cultura, tradiciones y mucho m\u00e1s, adem\u00e1s de disfrutar de la tranquilidad de un pueblo tamaulipeco\u201d, se\u00f1al\u00f3.<\/p>\n\n\n\n<p>Hern\u00e1ndez Rodr\u00edguez mencion\u00f3 que estos festivales y torneos son parte de las estrategias de desarrollo que impulsa el gobernador Am\u00e9rico Villarreal Anaya, junto con otras acciones para posicionar a Tamaulipas como un referente no solo nacional, sino internacional en materia de turismo.<\/p>\n\n\n\n<p>As\u00ed que prep\u00e1rese para disfrutar del cabrito: a la parrilla, al horno, estofado, en guiso, al pastor, en tacos, en adobo o marinado, frito, a la le\u00f1a o en caldillo, entre otras recetas culinarias. Podr\u00e1 degustar este platillo, uno de los m\u00e1s suculentos para el paladar, concluy\u00f3.<code> * * *<\/code><\/p>\n","protected":false},"excerpt":{"rendered":"<p>Ciudad Victoria, Tamaulipas.- La Secretar\u00eda de Turismo en Tamaulipas prepara el Primer Festival del Cabrito en el Pueblo M\u00e1gico de Tula para el pr\u00f3ximo 1 y 2 de febrero del &hellip; <a href=\"http:\/\/revistalaneta.com.mx\/?p=15370\" class=\"more-link\">Leer m\u00e1s<\/a><\/p>\n","protected":false},"author":1,"featured_media":15369,"comment_status":"open","ping_status":"open","sticky":false,"template":"","format":"standard","meta":{"footnotes":""},"categories":[7],"tags":[],"class_list":["post-15370","post","type-post","status-publish","format-standard","has-post-thumbnail","hentry","category-ciudad-victoria","entry"],"_links":{"self":[{"href":"http:\/\/revistalaneta.com.mx\/index.php?rest_route=\/wp\/v2\/posts\/15370","targetHints":{"allow":["GET"]}}],"collection":[{"href":"http:\/\/revistalaneta.com.mx\/index.php?rest_route=\/wp\/v2\/posts"}],"about":[{"href":"http:\/\/revistalaneta.com.mx\/index.php?rest_route=\/wp\/v2\/types\/post"}],"author":[{"embeddable":true,"href":"http:\/\/revistalaneta.com.mx\/index.php?rest_route=\/wp\/v2\/users\/1"}],"replies":[{"embeddable":true,"href":"http:\/\/revistalaneta.com.mx\/index.php?rest_route=%2Fwp%2Fv2%2Fcomments&post=15370"}],"version-history":[{"count":1,"href":"http:\/\/revistalaneta.com.mx\/index.php?rest_route=\/wp\/v2\/posts\/15370\/revisions"}],"predecessor-version":[{"id":15371,"href":"http:\/\/revistalaneta.com.mx\/index.php?rest_route=\/wp\/v2\/posts\/15370\/revisions\/15371"}],"wp:featuredmedia":[{"embeddable":true,"href":"http:\/\/revistalaneta.com.mx\/index.php?rest_route=\/wp\/v2\/media\/15369"}],"wp:attachment":[{"href":"http:\/\/revistalaneta.com.mx\/index.php?rest_route=%2Fwp%2Fv2%2Fmedia&parent=15370"}],"wp:term":[{"taxonomy":"category","embeddable":true,"href":"http:\/\/revistalaneta.com.mx\/index.php?rest_route=%2Fwp%2Fv2%2Fcategories&post=15370"},{"taxonomy":"post_tag","embeddable":true,"href":"http:\/\/revistalaneta.com.mx\/index.php?rest_route=%2Fwp%2Fv2%2Ftags&post=15370"}],"curies":[{"name":"wp","href":"https:\/\/api.w.org\/{rel}","templated":true}]}}