{"id":15382,"date":"2025-01-17T03:22:36","date_gmt":"2025-01-17T03:22:36","guid":{"rendered":"http:\/\/revistalaneta.com.mx\/?p=15382"},"modified":"2025-01-17T03:23:04","modified_gmt":"2025-01-17T03:23:04","slug":"gobierno-municipal-pone-en-marcha-jornada-de-vacunacion-drive-thru","status":"publish","type":"post","link":"http:\/\/revistalaneta.com.mx\/?p=15382","title":{"rendered":"Gobierno Municipal pone en marcha jornada de vacunaci\u00f3n Drive Thru"},"content":{"rendered":"\n<p><\/p>\n\n\n\n<p>Nuevo Laredo, Tamps.- Personas de todas las edades aprovecharon la campa\u00f1a de vacunaci\u00f3n Drive Thru contra la Influenza, Covid 19 y Neumococo realizada por el Gobierno de Nuevo Laredo a trav\u00e9s de la Direcci\u00f3n de Salud, en esta jornada tambi\u00e9n se aplicaron dosis contra el Virus del Papiloma Humano para ni\u00f1os y ni\u00f1as de quinto grado de primaria.<\/p>\n\n\n\n<p>Esta campa\u00f1a inici\u00f3 este jueves 16 de enero y continuar\u00e1 ma\u00f1ana viernes 17 de enero de 10 de la ma\u00f1ana a 2 de la tarde en la Avenida Guerrero frente al Monumento a Fundadores.<\/p>\n\n\n\n<p>La jornada de vacunaci\u00f3n est\u00e1 abierta a toda la poblaci\u00f3n desde los seis meses de edad, ni\u00f1os, adolescentes y adultos mayores con la intenci\u00f3n de completar esquemas de vacunaci\u00f3n y prevenir cualquier complicaci\u00f3n de enfermedades sobre todo respiratorias en esta temporada invernal.<\/p>\n\n\n\n<p>\u201cEstamos invitando a la poblaci\u00f3n a unirse a esta campa\u00f1a emprendida por nuestra presidenta Carmen Lilia Canturosas Villarreal, siempre comprometida con el tema de la salud, sobre todo, la prevenci\u00f3n; estamos tratando de cubrir este periodo que se acerca con temperaturas muy fr\u00edas\u201d, se\u00f1al\u00f3 Rebeca Soriano Gonz\u00e1lez, directora de Salud Municipal.<\/p>\n\n\n\n<p>Soriano Gonz\u00e1lez reiter\u00f3 la invitaci\u00f3n a la poblaci\u00f3n a acudir a esta campa\u00f1a, con la confianza de que existen suficientes dosis para vacunar a quien lo necesite, sin requisitos y sin tiempo de espera, pues se aplica la vacuna en el autom\u00f3vil.<\/p>\n","protected":false},"excerpt":{"rendered":"<p>Nuevo Laredo, Tamps.- Personas de todas las edades aprovecharon la campa\u00f1a de vacunaci\u00f3n Drive Thru contra la Influenza, Covid 19 y Neumococo realizada por el Gobierno de Nuevo Laredo a &hellip; <a href=\"http:\/\/revistalaneta.com.mx\/?p=15382\" class=\"more-link\">Leer m\u00e1s<\/a><\/p>\n","protected":false},"author":1,"featured_media":15381,"comment_status":"open","ping_status":"open","sticky":false,"template":"","format":"standard","meta":{"footnotes":""},"categories":[4],"tags":[],"class_list":["post-15382","post","type-post","status-publish","format-standard","has-post-thumbnail","hentry","category-nuevo-laredo","entry"],"_links":{"self":[{"href":"http:\/\/revistalaneta.com.mx\/index.php?rest_route=\/wp\/v2\/posts\/15382","targetHints":{"allow":["GET"]}}],"collection":[{"href":"http:\/\/revistalaneta.com.mx\/index.php?rest_route=\/wp\/v2\/posts"}],"about":[{"href":"http:\/\/revistalaneta.com.mx\/index.php?rest_route=\/wp\/v2\/types\/post"}],"author":[{"embeddable":true,"href":"http:\/\/revistalaneta.com.mx\/index.php?rest_route=\/wp\/v2\/users\/1"}],"replies":[{"embeddable":true,"href":"http:\/\/revistalaneta.com.mx\/index.php?rest_route=%2Fwp%2Fv2%2Fcomments&post=15382"}],"version-history":[{"count":1,"href":"http:\/\/revistalaneta.com.mx\/index.php?rest_route=\/wp\/v2\/posts\/15382\/revisions"}],"predecessor-version":[{"id":15383,"href":"http:\/\/revistalaneta.com.mx\/index.php?rest_route=\/wp\/v2\/posts\/15382\/revisions\/15383"}],"wp:featuredmedia":[{"embeddable":true,"href":"http:\/\/revistalaneta.com.mx\/index.php?rest_route=\/wp\/v2\/media\/15381"}],"wp:attachment":[{"href":"http:\/\/revistalaneta.com.mx\/index.php?rest_route=%2Fwp%2Fv2%2Fmedia&parent=15382"}],"wp:term":[{"taxonomy":"category","embeddable":true,"href":"http:\/\/revistalaneta.com.mx\/index.php?rest_route=%2Fwp%2Fv2%2Fcategories&post=15382"},{"taxonomy":"post_tag","embeddable":true,"href":"http:\/\/revistalaneta.com.mx\/index.php?rest_route=%2Fwp%2Fv2%2Ftags&post=15382"}],"curies":[{"name":"wp","href":"https:\/\/api.w.org\/{rel}","templated":true}]}}