{"id":15391,"date":"2025-01-17T03:55:16","date_gmt":"2025-01-17T03:55:16","guid":{"rendered":"http:\/\/revistalaneta.com.mx\/?p=15391"},"modified":"2025-01-17T03:55:39","modified_gmt":"2025-01-17T03:55:39","slug":"instala-srh-nuevo-consejo-de-administracion-de-comapa-ocampo","status":"publish","type":"post","link":"http:\/\/revistalaneta.com.mx\/?p=15391","title":{"rendered":"Instala SRH nuevo Consejo de Administraci\u00f3n de COMAPA Ocampo"},"content":{"rendered":"\n<p><\/p>\n\n\n\n<p><\/p>\n\n\n\n<p>Ocampo, Tamaulipas.- La Secretar\u00eda de Recursos Hidr\u00e1ulicos para el Desarrollo Social llev\u00f3 a cabo la instalaci\u00f3n de la nueva conformaci\u00f3n del Consejo de Administraci\u00f3n de la Comisi\u00f3n Municipal de Agua Potable y Alcantarillado (COMAPA) de Ocampo.<\/p>\n\n\n\n<p>Este evento, realizado en coordinaci\u00f3n con autoridades municipales, tiene como objetivo reforzar la gesti\u00f3n y administraci\u00f3n de los servicios de agua potable y alcantarillado en el municipio.<\/p>\n\n\n\n<p>En representaci\u00f3n del secretario de Recursos Hidr\u00e1ulicos, Ra\u00fal Quiroga \u00c1lvarez, el subsecretario de Operaci\u00f3n y Fortalecimiento a Organismos Operadores, V\u00edctor Moreno Garc\u00eda, enfatiz\u00f3 que la nueva conformaci\u00f3n de este consejo tiene como objetivo principal mejorar la gesti\u00f3n del agua en el municipio, as\u00ed como lograr la autosuficiencia financiera del organismo operador, con el fin de garantizar un mejor servicio para la comunidad.<\/p>\n\n\n\n<p>En el evento estuvieron presentes: Melchor Budarth B\u00e1ez, presidente municipal de Ocampo; Luis Infante Hern\u00e1ndez, en representaci\u00f3n de la secretaria de Desarrollo Urbano y Medio Ambiente, Karina Saldivar Lartigue; Mario Rebolledo Urcadiz, en representaci\u00f3n del secretario de Salud, Vicente Joel Hern\u00e1ndez Navarro; diputado Francisco Hern\u00e1ndez Ni\u00f1o; Jos\u00e9 Luis V\u00e1zquez Rodr\u00edguez, director de Obras P\u00fablicas Municipal; Vicente Guerrero S\u00e1nchez, director de Bienestar Social Municipal y, Ricardo Molina S\u00e1nchez, director de Desarrollo Rural Municipal.<code> * * *<\/code><\/p>\n","protected":false},"excerpt":{"rendered":"<p>Ocampo, Tamaulipas.- La Secretar\u00eda de Recursos Hidr\u00e1ulicos para el Desarrollo Social llev\u00f3 a cabo la instalaci\u00f3n de la nueva conformaci\u00f3n del Consejo de Administraci\u00f3n de la Comisi\u00f3n Municipal de Agua &hellip; <a href=\"http:\/\/revistalaneta.com.mx\/?p=15391\" class=\"more-link\">Leer m\u00e1s<\/a><\/p>\n","protected":false},"author":1,"featured_media":15390,"comment_status":"open","ping_status":"open","sticky":false,"template":"","format":"standard","meta":{"footnotes":""},"categories":[7],"tags":[],"class_list":["post-15391","post","type-post","status-publish","format-standard","has-post-thumbnail","hentry","category-ciudad-victoria","entry"],"_links":{"self":[{"href":"http:\/\/revistalaneta.com.mx\/index.php?rest_route=\/wp\/v2\/posts\/15391","targetHints":{"allow":["GET"]}}],"collection":[{"href":"http:\/\/revistalaneta.com.mx\/index.php?rest_route=\/wp\/v2\/posts"}],"about":[{"href":"http:\/\/revistalaneta.com.mx\/index.php?rest_route=\/wp\/v2\/types\/post"}],"author":[{"embeddable":true,"href":"http:\/\/revistalaneta.com.mx\/index.php?rest_route=\/wp\/v2\/users\/1"}],"replies":[{"embeddable":true,"href":"http:\/\/revistalaneta.com.mx\/index.php?rest_route=%2Fwp%2Fv2%2Fcomments&post=15391"}],"version-history":[{"count":1,"href":"http:\/\/revistalaneta.com.mx\/index.php?rest_route=\/wp\/v2\/posts\/15391\/revisions"}],"predecessor-version":[{"id":15392,"href":"http:\/\/revistalaneta.com.mx\/index.php?rest_route=\/wp\/v2\/posts\/15391\/revisions\/15392"}],"wp:featuredmedia":[{"embeddable":true,"href":"http:\/\/revistalaneta.com.mx\/index.php?rest_route=\/wp\/v2\/media\/15390"}],"wp:attachment":[{"href":"http:\/\/revistalaneta.com.mx\/index.php?rest_route=%2Fwp%2Fv2%2Fmedia&parent=15391"}],"wp:term":[{"taxonomy":"category","embeddable":true,"href":"http:\/\/revistalaneta.com.mx\/index.php?rest_route=%2Fwp%2Fv2%2Fcategories&post=15391"},{"taxonomy":"post_tag","embeddable":true,"href":"http:\/\/revistalaneta.com.mx\/index.php?rest_route=%2Fwp%2Fv2%2Ftags&post=15391"}],"curies":[{"name":"wp","href":"https:\/\/api.w.org\/{rel}","templated":true}]}}