{"id":15394,"date":"2025-01-17T03:57:42","date_gmt":"2025-01-17T03:57:42","guid":{"rendered":"http:\/\/revistalaneta.com.mx\/?p=15394"},"modified":"2025-01-17T03:58:23","modified_gmt":"2025-01-17T03:58:23","slug":"mucho-trabajo-en-el-ramo-de-la-construccion-para-este-2025","status":"publish","type":"post","link":"http:\/\/revistalaneta.com.mx\/?p=15394","title":{"rendered":"MUCHO TRABAJO EN EL RAMO DE LA CONSTRUCCI\u00d3N PARA ESTE 2025"},"content":{"rendered":"\n<p><br>Este 2025 se espera que sea igual de productivo que el del 2024 en lo que al ramo de la construcci\u00f3n se refiere, toda vez que hay muchos proyectos de inversi\u00f3n en Nuevo Laredo. As\u00ed lo hizo saber el secretario general del Sindicato de Alba\u00f1iles de Nuevo Laredo, H\u00e9ctor Mart\u00ednez Vigil, quien indic\u00f3 que en dicho gremial sindical est\u00e1n preparados para atender la demanda que se viene en cuanto a la construcci\u00f3n de nuevos negocios. Dijo que si bien es cierto se espera que haya importantes proyectos de obra p\u00fablica, donde se van a poder ocupar los alba\u00f1iles sindicalizados, indic\u00f3 que ser\u00e1 mayor la obra privada, y abund\u00f3 que de momento el sindicato cuenta con alrededor de 700 alba\u00f1iles dispuestos a laborar, pero que a la vez el gremio est\u00e1 abierto a quienes quieran sumarse, en el entendido de que los sueldos que se perciben como alba\u00f1iles sindicalizados son buenos, as\u00ed como las prestaciones. As\u00ed que ya saben qui\u00e9nes anden en busca de chamba, el ser alba\u00f1il es una buena opci\u00f3n, y bien pagada.<\/p>\n\n\n\n<p>UNA NUEVA MAQUILADORA, M\u00c1S OXXOS Y FARMACIAS<br \/>Por cierto que H\u00e9ctor Mart\u00ednez Vigil dijo que entre las obras privadas importantes que se vienen est\u00e1 la construcci\u00f3n de una nueva planta de la maquiladora Medline de casi 100 mil metros cuadrados y con tres bodegas a erigir, y en lo cual se ocupar\u00e1n hasta 80 alba\u00f1iles por lo menos hasta el mes de septiembre, que es cuando se espera est\u00e9 lista la nueva planta. Aparte viene la construcci\u00f3n de m\u00e1s tiendas Oxxo\u00b4s as\u00ed como farmacias de diversas firmas, y en el \u00e1mbito de la obra p\u00fablica est\u00e1 un importante proyecto en el Puente 3, m\u00e1s las obras municipales y algunas otras estatales y federales. Y es que en efecto Nuevo Laredo sigue con un importante boom comercial, de ah\u00ed que se requiera de mucha mano de obra.<\/p>\n\n\n\n<p>\u00c9XITO DEL FORO ENERG\u00c9TICO PARA EL PLAN NACIONAL DE DESARROLLO<br \/>El papel estrat\u00e9gico del sector energ\u00e9tico para el desarrollo del pa\u00eds fue el tema central del primer foro de consulta ciudadana para la elaboraci\u00f3n celebrado en Tamaulipas, para conformar el Plan Nacional de Desarrollo 2025-2030. Dicho evento se llev\u00f3 a cabo en Tampico, y estuvo encabezado por el gobernador Am\u00e9rico Villarreal Anaya, as\u00ed como por la secretaria de Energ\u00eda, Luz Elena Gonz\u00e1lez Escobar, el subsecretario de Electricidad, Jos\u00e9 Antonio Rojas Nieto, y el subsecretario de Hidrocarburos, Juan Jos\u00e9 Vidal Amaro. En el acto el mandatario tamaulipeco destac\u00f3 que dicho foro forma parte de las acciones para integrar el Plan Nacional de Desarrollo 2025-2030, convocado por la presidenta de M\u00e9xico, Claudia Sheinbaum, e invit\u00f3 a los asistentes a hacer una reflexi\u00f3n profunda, abierta y plural para construir nuevas rutas de crecimiento. Por su parte la secretaria de Energ\u00eda ponder\u00f3 el significado trascendental que representa la zona metropolitana de Tampico, al ser un referente obligado de energ\u00eda y de soberan\u00eda, pues fue en dicho puerto tamaulipeco donde se instal\u00f3 la primera refiner\u00eda en el pa\u00eds. Cabe indicar que para el mi\u00e9rcoles se realizar\u00e1 otro foro, ahora sobre el tema de Juventud, y el cual se desarrollar\u00e1 en la capital del estado.<\/p>\n\n\n\n<p>ACUDE CARMEN LILIA AL FORO<br \/>La alcaldesa neolaredense Carmen Lilia Canturosas Villarreal acudi\u00f3 a Tampico, para participar en el foro energ\u00e9tico, donde tuvo la oportunidad de salud a la secretaria de Energ\u00eda, Luz Elena Gonz\u00e1lez Escobar y al gobernador Am\u00e9rico Villarreal Anaya. Carmen Lilia consider\u00f3 que ese tipo de ejercicios fortalecen el di\u00e1logo y la construcci\u00f3n de pol\u00edticas para el desarrollo de todos. Y ya estando en Tampico aprovech\u00f3 para visitar las instalaciones del Sol de Tampico, uno de los medios informativos m\u00e1s importantes del estado, y de los pocos que se mantienen bajo el esquema de impresi\u00f3n.<\/p>\n\n\n\n<p>ABIERTO EL REGISTRO PARA MATRIMONIOS COLECTIVOS<br \/>Ya est\u00e1 abierto el registro para las parejas interesadas en casarse mediante la Campa\u00f1a de Matrimonios Colectivos 2025 que lleva a cabo el Sistema DIF Nuevo Laredo que encabeza Claudette Canturosas Villarreal. Al respecto Viviano V\u00e1zquez Mac\u00edas, director del DIF, dijo que el plazo concluye este pr\u00f3ximo viernes 17 de enero, por lo que inst\u00f3 a los interesados apurarse a registrarse, aclarando que la recepci\u00f3n de documentos se mantendr\u00e1 hasta el 24 de enero, pero lo mejor es llevarlos el mismo d\u00eda que se inscriban. Los interesados deben acudir a las oficinas del Sistema DIF, ubicadas en H\u00e9roe de Nacataz 2244, del fraccionamiento Ojo Caliente, en horario de ocho de la ma\u00f1ana a tres de la tarde de lunes a viernes. Durante el registro, se realizar\u00e1 un estudio socioecon\u00f3mico y se recibir\u00e1n los documentos requeridos por el Registro Civil para completar el proceso.<\/p>\n\n\n\n<p>EN MARCHA REGISTRO DE APOYO ALIMENTARIO<br \/>Dio inicio el registro para recibir el Apoyo Alimentario por parte del Gobierno Municipal de Nuevo Laredo. Dicho registro se lleva a cabo en la sala \u201cSergio Pe\u00f1a\u201d de la Antigua Aduana, en horario de ocho de la ma\u00f1ana a tres de la tarde, y se mantendr\u00e1 hasta el viernes 17 de enero. La inscripci\u00f3n es de acuerdo a los apellidos y este lunes se atendi\u00f3 a los de la letra \u201cA\u201d a la \u201cE\u201d mientras que este martes ser\u00e1n los de la \u201cF\u201d a la \u201cJ\u201d; el mi\u00e9rcoles a los de la \u201cK\u201d a la \u201cO\u201d; el jueves a los de la \u201cP\u201d a la \u201cT\u201d y el viernes de la \u201cU\u201d a la \u201cZ\u201d. El registro va dirigido a madres y padres de familia, adem\u00e1s de personas mayores de 60 a\u00f1os, y todos deben presentar copia del INE por ambos lados, CURP y comprobante de domicilio, aunque en el caso de madres y padres estos deben agregar el acta de nacimiento de hijos menores de edad.<\/p>\n\n\n\n<p>RECTOR DE LA UAT DA INICIO AL NUEVO CICLO ESCOLAR<br \/>En el marco de la ceremonia oficial del arranque del nuevo ciclo escolar en la Universidad Aut\u00f3noma de Tamaulipas (UAT), el rector de la m\u00e1xima casa de estudios, D\u00e1maso Anaya Alvarado, hizo entrega de manera simb\u00f3lica de 907 computadoras a estudiantes, como parte del apoyo que el gobernador Am\u00e9rico Villarreal Anaya brinda a la comunidad estudiantil. Fue en el Centro Universitario Sur de Tampico donde se llev\u00f3 a cabo dicha ceremonia y en la cual Anaya Alvarado reafirm\u00f3 el compromiso de ofrecer a la comunidad universitaria una educaci\u00f3n humanista, inclusiva e innovadora que responda a las necesidades de su comunidad. En el acto el rector estuvo acompa\u00f1ado de su esposa, Isolda Rend\u00f3n de Anaya, presidenta de Familia UAT, as\u00ed como de directivos de las facultades y unidades acad\u00e9micas, as\u00ed como a los alumnos, mismos a los que les dio la bienvenida y resalt\u00f3 la importancia de celebrar el inicio de a\u00f1o con una ceremonia c\u00edvica que simboliza los valores de la unidad, el compromiso y la responsabilidad que gu\u00edan a la instituci\u00f3n.<\/p>\n\n\n\n<p>LO \u00daLTIMO<br \/>Muchas felicidades a mi prima Lul\u00fa Garza Contreras quien este martes est\u00e1 cumpliendo un a\u00f1o m\u00e1s de vida. \u00a1Muchos m\u00e1s d\u00edas de estos prima!\u2026 Al considerar que para \u00e9l es un honor ser parte del segundo piso de la Cuarta Transformaci\u00f3n, el diputado federal por Nuevo Laredo, Carlos Canturosas Villarreal, felicit\u00f3 a la presidenta Claudia Sheinbaum Pardo por su informe de sus primeros 100 d\u00edas de gobierno, destacando el liderazgo y compromiso que la mandataria nacional tiene con M\u00e9xico\u2026 Para este s\u00e1bado 18 de enero se ha programa un Bazar de Emprendedores en el parque Mendoza de la colonia Hidalgo, esto en horario de cuatro de la tarde a nueve de la noche, y donde estar\u00e1n expositores que ofrecer\u00e1n variada mercanc\u00eda tales como ropa, accesorios de belleza, juguetes, joyer\u00eda, productos artesanales, art\u00edculos para mascotas, entre otros. Todos est\u00e1n invitados\u2026 Quien al parecer no est\u00e1 dando el ancho en la encomienda que se le ha dado es la directora de Turismo del Gobierno Municipal de Nuevo Laredo, Maribel Garza Gonz\u00e1lez. Y es que hasta el momento no se le ha visto trabajo contundente, y son m\u00e1s las quejas que se reciben de ella que sus aciertos. Incluso hasta sus subalternos se quejan de que no reciben apoyo de su persona, pues se clava hasta los vales de gasolina. Por lo tanto no tarda en saltar como tap\u00f3n de sidra.<\/p>\n","protected":false},"excerpt":{"rendered":"<p>Este 2025 se espera que sea igual de productivo que el del 2024 en lo que al ramo de la construcci\u00f3n se refiere, toda vez que hay muchos proyectos de &hellip; <a href=\"http:\/\/revistalaneta.com.mx\/?p=15394\" class=\"more-link\">Leer m\u00e1s<\/a><\/p>\n","protected":false},"author":1,"featured_media":15393,"comment_status":"open","ping_status":"open","sticky":false,"template":"","format":"standard","meta":{"footnotes":""},"categories":[2],"tags":[],"class_list":["post-15394","post","type-post","status-publish","format-standard","has-post-thumbnail","hentry","category-chismorreo","entry"],"_links":{"self":[{"href":"http:\/\/revistalaneta.com.mx\/index.php?rest_route=\/wp\/v2\/posts\/15394","targetHints":{"allow":["GET"]}}],"collection":[{"href":"http:\/\/revistalaneta.com.mx\/index.php?rest_route=\/wp\/v2\/posts"}],"about":[{"href":"http:\/\/revistalaneta.com.mx\/index.php?rest_route=\/wp\/v2\/types\/post"}],"author":[{"embeddable":true,"href":"http:\/\/revistalaneta.com.mx\/index.php?rest_route=\/wp\/v2\/users\/1"}],"replies":[{"embeddable":true,"href":"http:\/\/revistalaneta.com.mx\/index.php?rest_route=%2Fwp%2Fv2%2Fcomments&post=15394"}],"version-history":[{"count":1,"href":"http:\/\/revistalaneta.com.mx\/index.php?rest_route=\/wp\/v2\/posts\/15394\/revisions"}],"predecessor-version":[{"id":15395,"href":"http:\/\/revistalaneta.com.mx\/index.php?rest_route=\/wp\/v2\/posts\/15394\/revisions\/15395"}],"wp:featuredmedia":[{"embeddable":true,"href":"http:\/\/revistalaneta.com.mx\/index.php?rest_route=\/wp\/v2\/media\/15393"}],"wp:attachment":[{"href":"http:\/\/revistalaneta.com.mx\/index.php?rest_route=%2Fwp%2Fv2%2Fmedia&parent=15394"}],"wp:term":[{"taxonomy":"category","embeddable":true,"href":"http:\/\/revistalaneta.com.mx\/index.php?rest_route=%2Fwp%2Fv2%2Fcategories&post=15394"},{"taxonomy":"post_tag","embeddable":true,"href":"http:\/\/revistalaneta.com.mx\/index.php?rest_route=%2Fwp%2Fv2%2Ftags&post=15394"}],"curies":[{"name":"wp","href":"https:\/\/api.w.org\/{rel}","templated":true}]}}