{"id":15406,"date":"2025-01-17T04:06:02","date_gmt":"2025-01-17T04:06:02","guid":{"rendered":"http:\/\/revistalaneta.com.mx\/?p=15406"},"modified":"2025-01-17T04:06:36","modified_gmt":"2025-01-17T04:06:36","slug":"reunion-de-alcaldes-con-sheinbaum","status":"publish","type":"post","link":"http:\/\/revistalaneta.com.mx\/?p=15406","title":{"rendered":"REUNI\u00d3N DE ALCALDES CON SHEINBAUM"},"content":{"rendered":"\n<p><br>Este jueves est\u00e1 programada una reuni\u00f3n de todos los alcaldes del pa\u00eds, sean del partido que sean, con la presidenta Claudia Sheinbaum Pardo, esto en la capital del estado. Varios alcaldes de Tamaulipas acudir\u00e1n, entre ellos la de Nuevo Laredo, Carmen Lilia Canturosas Villarreal. Hasta donde se sabe la mandataria nacional les har\u00e1 algunas peticiones, entre ellas el respaldar m\u00e1s la infraestructura hidr\u00e1ulica, y sobre todo trabajar unidos y en coordinaci\u00f3n con los gobiernos estatales y el gobierno federal en el prioritario tema de la seguridad. As\u00ed que sin duda va a ser importante dicho evento, y habr\u00e1 qu\u00e9 ver cu\u00e1ntos mun\u00edcipes asisten.<\/p>\n\n\n\n<p>A PONER A REMOJAR LAS BARBAS<br \/>Hay cierto nerviosismo al interior del organigrama del Gobierno del Estado de Tamaulipas luego de que el gobernador Am\u00e9rico Villarreal Anaya anunciara que no descarta m\u00e1s cambios en su gabinete, luego de los anunciados el pasado fin de semana, y donde qued\u00f3 fuera de la administraci\u00f3n Adriana Lozano Rodr\u00edguez, quien fung\u00eda como secretaria de Finanzas. El mandatario tamaulipeco dijo que se est\u00e1n revisando otras \u00e1reas de su administraci\u00f3n, evaluando el quehacer gubernamental, y en caso de haber m\u00e1s cambios estos ser\u00e1n anunciados. As\u00ed que sin duda dentro del gabinete estatal est\u00e1 en boga la famosa frase de \u201ccuando veas las barbas de tu vecino cortar, pon las tuyas a remojar\u201d.<\/p>\n\n\n\n<p>EXITOSO FORO DE LA JUVENTUD<br \/>Con gran \u00e9xito se llev\u00f3 a cabo el Foro de la Juventud para la conformaci\u00f3n del Plan Nacional de Desarrollo 2025-2030, celebrado este mi\u00e9rcoles en Ciudad Victoria, y encabezado por el gobernador Am\u00e9rico Villarreal Anaya y el director sectorial y regional del Instituto Mexicano de la Juventud (IMJUVE), Marco Antonio Rueda Loyola. En el evento tomaron parte m\u00e1s de 650 j\u00f3venes que aportaron diversas ideas sobre acciones que les gustar\u00eda que se concretaran para ellos en los pr\u00f3ximos a\u00f1os dentro del gobierno federal que encabeza Claudia Sheinbaum Pardo. Cabe indicar que este fue el segundo foro nacional realizado en Tamaulipas, pues el pasado lunes se llev\u00f3 a cabo el de Energ\u00eda en Tampico, igualmente con gran aceptaci\u00f3n.<\/p>\n\n\n\n<p>ATIENDE MUNICIPIO PROBLEMA DE LA BASURA<br \/>Con personal de Servicios P\u00fablicos Primarios es que el Gobierno Municipal de Nuevo Laredo est\u00e1 sacando adelante el servicio de recolecci\u00f3n de basura, tras el incumplimiento de la empresa Veolia, a quien se le dio tres meses m\u00e1s de pr\u00f3rroga para que brindaran el servicio como es debido, y no han cumplido del todo con la encomienda. Es por ello que se tuvo que recurrir a personal municipal para poder atender la apremiante necesidad de colectar los desperdicios a lo largo y ancho de la ciudad, y evitar as\u00ed focos de infecci\u00f3n. Se espera que este mes ya por fin se vaya Veolia, y llegue una nueva empresa que s\u00ed pueda cumplir con la tarea de colectar debidamente los desechos que generan los neolaredenses.<\/p>\n\n\n\n<p>ARRANCA SEGUNDO PER\u00cdODO SESIONES DEL CONGRESO DEL ESTADO<br \/>Qued\u00f3 formalmente instalado el segundo per\u00edodo ordinario de sesiones correspondiente al primer a\u00f1o de la Sexag\u00e9sima Sexta Legislatura del Congreso del Estado de Tamaulipas, tras el lapso vacacional. Y la primera acci\u00f3n realizada fue la asignaci\u00f3n de la diputada morenista Cynthia Lizeth Jaime Castillo como presidenta del nuevo per\u00edodo, en tanto que como secretarias quedaron Mar\u00eda del Rosario Gonz\u00e1lez Flores y V\u00edctor Garc\u00eda Fuentes, en tanto que como suplente se design\u00f3 a la tambi\u00e9n morenista, Ana Laura Huerta Valdovinos. Cabe indicar que en la ceremonia de puesta en marcha del nuevo per\u00edodo legislativo estuvo presente el secretario general de Gobierno, H\u00e9ctor Joel Villegas Hern\u00e1ndez, en representaci\u00f3n del gobernador Am\u00e9rico Villarreal Anaya, as\u00ed como tambi\u00e9n se hizo presente el presidente del Supremo Tribunal de Justicia del Estado, Hern\u00e1n De la Garza Tamez. As\u00ed que vuelven las acciones en el pleno del \u00e1mbito legislativo. Por cierto que en dicho evento del arranque de sesiones del Congreso del Estado anduvieron la alcaldesa de Nuevo Laredo, Carmen Lilia Canturosas Villarreal, y su hermano el diputado federal por Nuevo Laredo, Carlos Canturosas Villarreal, mismos que fueron invitados a tal acto.<\/p>\n\n\n\n<p>RECIBIR\u00c1 MORENA VEH\u00cdCULOS Y EQUIPO<br \/>El comit\u00e9 estatal de Movimiento de Regeneraci\u00f3n Nacional (MORENA) en Tamaulipas recibir\u00e1 de la dirigencia nacional de ese mismo partido ocho veh\u00edculos, mismos que ser\u00e1n distribuidos a raz\u00f3n de una unidad para cada distrito, a fin de que en los mismos se utilicen para las labores de afiliaci\u00f3n a dicho instituto pol\u00edtico. Esto lo ha hecho saber la dirigente estatal de MORENA, Guadalupe G\u00f3mez N\u00fa\u00f1ez, quien abund\u00f3 que tambi\u00e9n se recibir\u00e1 equipo de c\u00f3mputo para las mismas tareas. No pos ta gueno.<\/p>\n\n\n\n<p>FIRMA CONVENIO LA UAT CON ESCUELA ESPA\u00d1OLA<br \/>Un convenio de colaboraci\u00f3n cuyo prop\u00f3sito fundamental es el de fortalecer el conocimiento, la innovaci\u00f3n y la responsabilidad social, y ofreci\u00e9ndose apoyo y formaci\u00f3n a j\u00f3venes emprendedores, as\u00ed como tambi\u00e9n impulsando cooperativas y redes de emprendimiento social, fue firmado por la Universidad Aut\u00f3noma de Tamaulipas (UAT) y la Escuela de Econom\u00eda Social de Andaluc\u00eda, Espa\u00f1a. Dicho convenio fue formalizado por el rector de la UAT, D\u00e1maso Anaya Alvarado, y el director de la Escuela de Econom\u00eda Social de Andaluc\u00eda, Jos\u00e9 Ariza Reyes, y representa un compromiso mutuo por el desarrollo acad\u00e9mico y social. En este tenor el rector Anaya Alvarado destac\u00f3 que dicha colaboraci\u00f3n ayudar\u00e1 a la formaci\u00f3n de estudiantes con enfoque social y humanista, fortalecer\u00e1 la investigaci\u00f3n aplicada a problemas sociales y fomentar\u00e1 la innovaci\u00f3n social y el emprendimiento. Cabe indicar que en el acto firm\u00f3 como testigo de honor la secretaria de Econom\u00eda de Tamaulipas, Ninfa Cant\u00fa De\u00e1ndar, en representaci\u00f3n del gobernador Am\u00e9rico Villarreal Anaya, y quien resalt\u00f3 el liderazgo del estado en la creaci\u00f3n de nodos de impulso a la econom\u00eda social.<\/p>\n\n\n\n<p>LO \u00daLTIMO<br \/>Muchas felicidades a las grandes damas Rosalinda y Dorina Lozano Coronado, quienes este jueves est\u00e1n cumpliendo un a\u00f1o m\u00e1s de vida. \u00a1Muchos m\u00e1s d\u00edas de estos madrinas!\u2026 El consejo directivo de la Asociaci\u00f3n de Agentes Aduanales de Nuevo Laredo celebr\u00f3 a todos sus miembros que cumplen a\u00f1os en el mes de enero, esto como parte de las acciones de convivencia establecidos por el presidente del organismo, Jos\u00e9 Ignacio Zaragoza Ambrosi. \u00a1Enhorabuena para todos ellos!\u2026 Este jueves y viernes se realizar\u00e1 una campa\u00f1a de vacunaci\u00f3n tipo \u201cdrive thru\u201d por la avenida Guerrero entre H\u00e9roe de Nacataz y Maclovio Herrera, justo frente a la Presidencia Municipal, donde se estar\u00e1 vacunando contra la influenza, el Covid y el neumococo, tanto a ni\u00f1os como adultos, esto en horario de 10 de la ma\u00f1ana a dos de la tarde. La campa\u00f1a la organiza el Gobierno Municipal de Nuevo Laredo a trav\u00e9s de la Secretar\u00eda de Bienestar Social que dirige la doctora Liliana Arjona Barocio\u2026 Tanto el lunes 20 como el martes 21 de enero, permanecer\u00e1 cerrada la oficina federal del Bienestar situada en el Palacio Federal, esto a fin de evitar que los adultos mayores acudan a dicha lugar a realizar tr\u00e1mites, dado el intenso fr\u00edo que habr\u00e1\u2026 Y justamente ante el fr\u00edo que se espera para la pr\u00f3xima semana, es casi seguro que no habr\u00e1 clases el lunes, martes y mi\u00e9rcoles, de forma oficial, pues estaremos por debajo de los cero grados. Y el jueves y viernes lo m\u00e1s seguro que los propios padres decidan no llevar a sus hijos. As\u00ed que siguen las vacaciones escolares. \u00a1Viva M\u00e9xico!\u2026 Pizza Hut podr\u00eda reabrir en Nuevo Laredo, tras varios a\u00f1os de haber cerrado su local que estaba en 15 de Septiembre entre Reforma y Tecnol\u00f3gico. Se habla que su nueva ubicaci\u00f3n estar\u00eda a un lado de la nueva Tiendita del Ahorro de Reforma. \u00bfSer\u00e1? Ya veremos.<\/p>\n","protected":false},"excerpt":{"rendered":"<p>Este jueves est\u00e1 programada una reuni\u00f3n de todos los alcaldes del pa\u00eds, sean del partido que sean, con la presidenta Claudia Sheinbaum Pardo, esto en la capital del estado. Varios &hellip; <a href=\"http:\/\/revistalaneta.com.mx\/?p=15406\" class=\"more-link\">Leer m\u00e1s<\/a><\/p>\n","protected":false},"author":1,"featured_media":15405,"comment_status":"open","ping_status":"open","sticky":false,"template":"","format":"standard","meta":{"footnotes":""},"categories":[2],"tags":[],"class_list":["post-15406","post","type-post","status-publish","format-standard","has-post-thumbnail","hentry","category-chismorreo","entry"],"_links":{"self":[{"href":"http:\/\/revistalaneta.com.mx\/index.php?rest_route=\/wp\/v2\/posts\/15406","targetHints":{"allow":["GET"]}}],"collection":[{"href":"http:\/\/revistalaneta.com.mx\/index.php?rest_route=\/wp\/v2\/posts"}],"about":[{"href":"http:\/\/revistalaneta.com.mx\/index.php?rest_route=\/wp\/v2\/types\/post"}],"author":[{"embeddable":true,"href":"http:\/\/revistalaneta.com.mx\/index.php?rest_route=\/wp\/v2\/users\/1"}],"replies":[{"embeddable":true,"href":"http:\/\/revistalaneta.com.mx\/index.php?rest_route=%2Fwp%2Fv2%2Fcomments&post=15406"}],"version-history":[{"count":1,"href":"http:\/\/revistalaneta.com.mx\/index.php?rest_route=\/wp\/v2\/posts\/15406\/revisions"}],"predecessor-version":[{"id":15407,"href":"http:\/\/revistalaneta.com.mx\/index.php?rest_route=\/wp\/v2\/posts\/15406\/revisions\/15407"}],"wp:featuredmedia":[{"embeddable":true,"href":"http:\/\/revistalaneta.com.mx\/index.php?rest_route=\/wp\/v2\/media\/15405"}],"wp:attachment":[{"href":"http:\/\/revistalaneta.com.mx\/index.php?rest_route=%2Fwp%2Fv2%2Fmedia&parent=15406"}],"wp:term":[{"taxonomy":"category","embeddable":true,"href":"http:\/\/revistalaneta.com.mx\/index.php?rest_route=%2Fwp%2Fv2%2Fcategories&post=15406"},{"taxonomy":"post_tag","embeddable":true,"href":"http:\/\/revistalaneta.com.mx\/index.php?rest_route=%2Fwp%2Fv2%2Ftags&post=15406"}],"curies":[{"name":"wp","href":"https:\/\/api.w.org\/{rel}","templated":true}]}}