{"id":15427,"date":"2025-01-23T13:17:05","date_gmt":"2025-01-23T13:17:05","guid":{"rendered":"http:\/\/revistalaneta.com.mx\/?p=15427"},"modified":"2025-01-23T13:17:31","modified_gmt":"2025-01-23T13:17:31","slug":"entrega-sergio-cheko-ojeda-apoyos-a-familias-de-nuevo-laredo-para-hacerle-frente-a-onda-gelida","status":"publish","type":"post","link":"http:\/\/revistalaneta.com.mx\/?p=15427","title":{"rendered":"Entrega Sergio \u201cCheko\u201d Ojeda apoyos a familias de Nuevo Laredo para hacerle frente a onda g\u00e9lida"},"content":{"rendered":"\n<p><\/p>\n\n\n\n<p>Nuevo Laredo, Tamps.- El diputado de MORENA recorri\u00f3 colonias de la ciudad fronteriza para entregar cobijas y estar preparados para la pr\u00f3xima semana que registrar\u00e1 un descenso en la temperatura de consideraci\u00f3n.<\/p>\n\n\n\n<p>Tamaulipas.-Ante la alerta de fr\u00edo por debajo de los cero grados que estar\u00e1 arribando en las pr\u00f3ximas horas en la regi\u00f3n norte del estado, el diputado local y presidente de la Comisi\u00f3n de Asuntos Fronterizos y Migratorios, Sergio \u201cCheko\u201d Ojeda Castillo, recorri\u00f3 colonias de Nuevo Laredo y entreg\u00f3 cobertores a familias.<\/p>\n\n\n\n<p>\u201cEstamos visitando a mis amigas y amigos de la colonia Francisco Villa y Cavazos Lerma entregando apoyos para que est\u00e9n preparados para la pr\u00f3xima semana por las bajas temperaturas que se aproximan\u201d inform\u00f3 Sergio \u201cCheko\u201d Ojeda.<\/p>\n\n\n\n<p>Decenas de familias del sector sur y poniente de la ciudad recibieron el apoyo por parte del diputado \u201cCheko\u201d Ojeda y quedo su disposici\u00f3n para gestionar un traslado al albergue temporal municipal en caso de ser necesario.<\/p>\n\n\n\n<p>\u201cLa baja temperatura es una preocupaci\u00f3n, pues se habla de una onda g\u00e9lida con sensaci\u00f3n t\u00e9rmica por debajo de los cero grados y quisimos traer apoyos a las familias para mitigar el fr\u00edo y quedar a su disposici\u00f3n\u201d, coment\u00f3 el legislador.<\/p>\n\n\n\n<p>Sergio \u201cCheko\u201d Ojeda, se mantiene con presencia en territorio con esta entrega de apoyos humanitarios cuando no hay sesi\u00f3n en el Congreso del Estado, como parte del compromiso que tienen con los tamaulipecos.<\/p>\n","protected":false},"excerpt":{"rendered":"<p>Nuevo Laredo, Tamps.- El diputado de MORENA recorri\u00f3 colonias de la ciudad fronteriza para entregar cobijas y estar preparados para la pr\u00f3xima semana que registrar\u00e1 un descenso en la temperatura &hellip; <a href=\"http:\/\/revistalaneta.com.mx\/?p=15427\" class=\"more-link\">Leer m\u00e1s<\/a><\/p>\n","protected":false},"author":1,"featured_media":15426,"comment_status":"open","ping_status":"open","sticky":false,"template":"","format":"standard","meta":{"footnotes":""},"categories":[4],"tags":[],"class_list":["post-15427","post","type-post","status-publish","format-standard","has-post-thumbnail","hentry","category-nuevo-laredo","entry"],"_links":{"self":[{"href":"http:\/\/revistalaneta.com.mx\/index.php?rest_route=\/wp\/v2\/posts\/15427","targetHints":{"allow":["GET"]}}],"collection":[{"href":"http:\/\/revistalaneta.com.mx\/index.php?rest_route=\/wp\/v2\/posts"}],"about":[{"href":"http:\/\/revistalaneta.com.mx\/index.php?rest_route=\/wp\/v2\/types\/post"}],"author":[{"embeddable":true,"href":"http:\/\/revistalaneta.com.mx\/index.php?rest_route=\/wp\/v2\/users\/1"}],"replies":[{"embeddable":true,"href":"http:\/\/revistalaneta.com.mx\/index.php?rest_route=%2Fwp%2Fv2%2Fcomments&post=15427"}],"version-history":[{"count":1,"href":"http:\/\/revistalaneta.com.mx\/index.php?rest_route=\/wp\/v2\/posts\/15427\/revisions"}],"predecessor-version":[{"id":15428,"href":"http:\/\/revistalaneta.com.mx\/index.php?rest_route=\/wp\/v2\/posts\/15427\/revisions\/15428"}],"wp:featuredmedia":[{"embeddable":true,"href":"http:\/\/revistalaneta.com.mx\/index.php?rest_route=\/wp\/v2\/media\/15426"}],"wp:attachment":[{"href":"http:\/\/revistalaneta.com.mx\/index.php?rest_route=%2Fwp%2Fv2%2Fmedia&parent=15427"}],"wp:term":[{"taxonomy":"category","embeddable":true,"href":"http:\/\/revistalaneta.com.mx\/index.php?rest_route=%2Fwp%2Fv2%2Fcategories&post=15427"},{"taxonomy":"post_tag","embeddable":true,"href":"http:\/\/revistalaneta.com.mx\/index.php?rest_route=%2Fwp%2Fv2%2Ftags&post=15427"}],"curies":[{"name":"wp","href":"https:\/\/api.w.org\/{rel}","templated":true}]}}