{"id":15469,"date":"2025-01-25T13:32:43","date_gmt":"2025-01-25T13:32:43","guid":{"rendered":"http:\/\/revistalaneta.com.mx\/?p=15469"},"modified":"2025-01-25T13:33:21","modified_gmt":"2025-01-25T13:33:21","slug":"puro-frio-que-informar","status":"publish","type":"post","link":"http:\/\/revistalaneta.com.mx\/?p=15469","title":{"rendered":"PURO FR\u00cdO QUE INFORMAR"},"content":{"rendered":"\n<p><br>Este martes en Nuevo Laredo toda la informaci\u00f3n se centr\u00f3 en el fr\u00edo. Que amanecimos a cero grados; que los parabrisas de los veh\u00edculos estaban congelados y la gente perdi\u00f3 tiempo quitando el hielo; que los puentes elevados tambi\u00e9n amanecieron con capa de hielo y se ped\u00eda que no pasaran por los mismos, o lo hicieran con cuidado a fin de no patinar; que nuevamente no hubo clases; que en algunas empresas se les dio chance que llegaran una hora tarde; que hubo quienes de plano no fueron a trabajar; principalmente los que laboran a la intemperie; y sobre todo que en los noticieros radiof\u00f3nicos estuvieron anunciando la temperatura cada 10 minutos. Y a decir verdad, ni tan helado que ha estado, solo que en el pueblo no estamos acostumbrados a tan bajas temperaturas, sobre todo aquellos que no son oriundos de la ciudad. As\u00ed de cierto.<\/p>\n\n\n\n<p>SUPERVISA CARMEN LILIA ACCIONES POR EL FR\u00cdO<br \/>A pesar del intenso fr\u00edo registrado este martes, la alcaldesa neolaredense, Carmen Lilia Canturosas Villarreal, llev\u00f3 a cabo un recorrido de trabajo junto a personal de Protecci\u00f3n Civil, a fin de verificar que est\u00e9 atendiendo debidamente a las personas en los albergues y dem\u00e1s \u00e1reas que se han dispuestos para apoyar justamente a las personas en situaci\u00f3n vulnerable. As\u00ed pues la presidenta municipal recorri\u00f3 la plaza Insurgentes, el Hospital General y la Casa del Migrante, donde se entregaron cobijas, bebidas calientes y alimentos a indigentes y dem\u00e1s personas que estaban en dichos espacios. Adem\u00e1s tambi\u00e9n hizo un recorrido por el puente vehicular de la calle Madero y las instalaciones del CITEV, donde se esparci\u00f3 arena para evitar que los veh\u00edculos derraparan en el pavimento.<\/p>\n\n\n\n<p>CASTIGAR\u00c1N USO DELICTIVO DE DRONES<br \/>El Congreso del Estado de Tamaulipas aprob\u00f3 reformas al C\u00f3digo Penal del Estado, que establece penas severas para el uso de drones con fines delictivos, esto con el firme prop\u00f3sito de proteger a la ciudadan\u00eda. Esto fue anunciado por la diputada local Judith Katalyna M\u00e9ndez Cepeda en conferencia de prensa, donde destac\u00f3 el compromiso de la presente legislatura con la seguridad. Y bueno esto era algo de esperarse, ya que diversas voces exigieron aplicar sanciones al uso de drones, y entre estas voces estuvo la del delegado de la Secretar\u00eda de Gobernaci\u00f3n en Tamaulipas, Felipe Garza Narv\u00e1ez, quien atinadamente en su momento propuso se legislase al respecto, y su petici\u00f3n fue escuchada<\/p>\n\n\n\n<p>EN FEBRERO EL REGISTRO DE BECAS PARA PREPARATORIANOS<br \/>En visita a Tamaulipas el coordinador Nacional de Becas para el Bienestar, Julio C\u00e9sar Le\u00f3n Trujillo, sostuvo una reuni\u00f3n con la secretaria de Educaci\u00f3n de Tamaulipas, Luc\u00eda Aim\u00e9 Castillo Pastor, esto en el Centro Regional de Desarrollo Educativo (CREDE) de Ciudad Madero, y donde se anunci\u00f3 que a partir de febrero iniciar\u00e1 el proceso de entrega de mecanismos de pago a los estudiantes de educaci\u00f3n secundaria que hicieron su registro en la plataforma del programa durante el a\u00f1o pasado, as\u00ed como tambi\u00e9n a partir del mes entrante iniciar\u00e1 el registro de alumnos en la plataforma, y muy probablemente para marzo tambi\u00e9n se les est\u00e9n entregando los recursos de sus becas. En este tenor la titular de la SET hizo hincapi\u00e9 en que la instrucci\u00f3n del gobernador Am\u00e9rico Villarreal Anaya, es apoyar en todo lo que se requiera para cumplir el compromiso de la presidenta de M\u00e9xico, Claudia Sheinbaum Pardo, y que todos los estudiantes hagan su registro y nadie se quede fuera de recibir dicho beneficio constitucional.<\/p>\n\n\n\n<p>PONE EN MARCHA RECTOR DE LA UAT DIPLOMADO PARA MAESTROS<br \/>Siguiendo las acciones sobre el fortalecimiento de las estrategias del profesorado en la formaci\u00f3n de los alumnos de la Universidad Aut\u00f3noma de Tamaulipas (UAT), el rector D\u00e1maso Anaya Alvarado puso en marcha las actividades del M\u00f3dulo 4 \u201cInteligencia Contextual\u201d del Diplomado \u201cEstrategias Docentes para el Desarrollo de Habilidades Blandas en la Formaci\u00f3n Universitaria\u201d, mismo que va dirigido a docentes de la m\u00e1xima casa de estudios. En su mensaje en el acto el rector destac\u00f3 el objetivo de que los estudiantes fortalezcan su inteligencia contextual y su capacidad de adaptaci\u00f3n e innovaci\u00f3n ante los desaf\u00edos y cambios sociales actuales, abundado que con estos esfuerzos, la UAT seguir\u00e1 avanzando y consolid\u00e1ndose como una instituci\u00f3n de referencia en el \u00e1mbito acad\u00e9mico y social.<\/p>\n\n\n\n<p>VAN MORENA Y EL PAN POR MAYOR MILITANCIA<br \/>As\u00ed como en el Movimiento de Regeneraci\u00f3n Nacional (MORENA) tienen proyectado a partir del mes entrante una mega afiliaci\u00f3n de militantes, que se habla podr\u00edan llegar a 10 millones en todo el pa\u00eds, y de los cuales 315 mil se espera que sean tan solo en Tamaulipas, y cuando menos unos 25 mil en Nuevo Laredo, as\u00ed tambi\u00e9n en el Partido Acci\u00f3n Nacional, el PAN, iniciar\u00e1n a partir del 21 de febrero una campa\u00f1a de afiliaci\u00f3n en toda la entidad, para lo cual ya est\u00e1n convocando a los interesados en agreg\u00e1rseles. Y aunque en el PAN no tienen en s\u00ed una meta de registro a conseguir en todo Tamaulipas, sinceramente no se espera que sean m\u00e1s de los que tienen actualmente, y que suman 8 mil 579, de acuerdo al \u00faltimo conteo realizado por el Instituto Nacional Electoral (INE).<\/p>\n\n\n\n<p>A VER COMO LES VA<br \/>Pero bueno, su lucha le van hacer en el PAN para afiliar nuevos militantes, aunque habr\u00e1 que ver si mantienen su posici\u00f3n selectiva, como siempre lo han hecho, pues tradicionalmente en dicho partido se tiene que pasar por una serie de filtros para poder ingresar, aunque en la actualidad, y a como est\u00e1n las cosas de dif\u00edciles en el panismo, tal vez haya m\u00e1s flexibilidad al registro, todo a fin de poder contar con m\u00e1s militancia y no quedarse atr\u00e1s sobre los dem\u00e1s partido, y sobre todo de MORENA, que va con todo por lograr esos 10 millones de afiliados en todo el pa\u00eds, y que a decir verdad, no se antoja dif\u00edcil que lo logren, pues basta con que se les agreguen todos los beneficiados de los programas sociales, tanto a nivel federal, como de los estados y municipios que gobiernan.<\/p>\n\n\n\n<p>LO \u00daLTIMO<br \/>Para este mi\u00e9rcoles se espera que amanezcamos a -4 grados cent\u00edgrados, lo m\u00e1s g\u00e9lido del vigente frente fr\u00edo, aunque a partir de las nueve de la ma\u00f1ana se espera que estemos a cero grados, y para el mediod\u00eda a 9 grados. Para el jueves seguir\u00e1 el fr\u00edo, aunque por encima de los cero grados, y ya el viernes empezar\u00e1 a mejorar la condici\u00f3n climatol\u00f3gica\u2026 Como consecuencia del fr\u00edo se fue la luz en varios sectores de la ciudad, y por ende se fue el servicio de agua potable tambi\u00e9n. Aunque m\u00e1s tarde se normaliz\u00f3 la situaci\u00f3n. Pero esto siempre pasa con el fr\u00edo\u2026 Todav\u00eda este mi\u00e9rcoles no habr\u00e1 clases, y lo m\u00e1s seguro es que el jueves tampoco, y el viernes aplicar\u00e1n la cl\u00e1sica de \u201cya para que van\u201d. Y as\u00ed, cada vez perdi\u00e9ndose m\u00e1s clases en las escuelas, y los chamacos por consecuencia aprendiendo menos.<\/p>\n","protected":false},"excerpt":{"rendered":"<p>Este martes en Nuevo Laredo toda la informaci\u00f3n se centr\u00f3 en el fr\u00edo. Que amanecimos a cero grados; que los parabrisas de los veh\u00edculos estaban congelados y la gente perdi\u00f3 &hellip; <a href=\"http:\/\/revistalaneta.com.mx\/?p=15469\" class=\"more-link\">Leer m\u00e1s<\/a><\/p>\n","protected":false},"author":1,"featured_media":15468,"comment_status":"open","ping_status":"open","sticky":false,"template":"","format":"standard","meta":{"footnotes":""},"categories":[2],"tags":[],"class_list":["post-15469","post","type-post","status-publish","format-standard","has-post-thumbnail","hentry","category-chismorreo","entry"],"_links":{"self":[{"href":"http:\/\/revistalaneta.com.mx\/index.php?rest_route=\/wp\/v2\/posts\/15469","targetHints":{"allow":["GET"]}}],"collection":[{"href":"http:\/\/revistalaneta.com.mx\/index.php?rest_route=\/wp\/v2\/posts"}],"about":[{"href":"http:\/\/revistalaneta.com.mx\/index.php?rest_route=\/wp\/v2\/types\/post"}],"author":[{"embeddable":true,"href":"http:\/\/revistalaneta.com.mx\/index.php?rest_route=\/wp\/v2\/users\/1"}],"replies":[{"embeddable":true,"href":"http:\/\/revistalaneta.com.mx\/index.php?rest_route=%2Fwp%2Fv2%2Fcomments&post=15469"}],"version-history":[{"count":1,"href":"http:\/\/revistalaneta.com.mx\/index.php?rest_route=\/wp\/v2\/posts\/15469\/revisions"}],"predecessor-version":[{"id":15470,"href":"http:\/\/revistalaneta.com.mx\/index.php?rest_route=\/wp\/v2\/posts\/15469\/revisions\/15470"}],"wp:featuredmedia":[{"embeddable":true,"href":"http:\/\/revistalaneta.com.mx\/index.php?rest_route=\/wp\/v2\/media\/15468"}],"wp:attachment":[{"href":"http:\/\/revistalaneta.com.mx\/index.php?rest_route=%2Fwp%2Fv2%2Fmedia&parent=15469"}],"wp:term":[{"taxonomy":"category","embeddable":true,"href":"http:\/\/revistalaneta.com.mx\/index.php?rest_route=%2Fwp%2Fv2%2Fcategories&post=15469"},{"taxonomy":"post_tag","embeddable":true,"href":"http:\/\/revistalaneta.com.mx\/index.php?rest_route=%2Fwp%2Fv2%2Ftags&post=15469"}],"curies":[{"name":"wp","href":"https:\/\/api.w.org\/{rel}","templated":true}]}}