{"id":15484,"date":"2025-01-28T03:06:02","date_gmt":"2025-01-28T03:06:02","guid":{"rendered":"http:\/\/revistalaneta.com.mx\/?p=15484"},"modified":"2025-01-28T03:06:18","modified_gmt":"2025-01-28T03:06:18","slug":"sistema-dif-tamaulipas-reconoce-a-integrantes-de-los-comedores-comunitarios-en-nuevo-laredo-2","status":"publish","type":"post","link":"http:\/\/revistalaneta.com.mx\/?p=15484","title":{"rendered":"Sistema DIF Tamaulipas reconoce a integrantes de los comedores comunitarios en Nuevo Laredo"},"content":{"rendered":"\n<p><\/p>\n\n\n\n<p>Nuevo Laredo, Tamps.- El Sistema DIF Tamaulipas entreg\u00f3 est\u00edmulos econ\u00f3micos a 12 personas que colaboran diariamente en la preparaci\u00f3n de m\u00e1s de 100 platillos balanceados y nutritivos en los Comedores Comunitarios &#8220;Voluntad, Paz y Esperanza&#8221;.<\/p>\n\n\n\n<p>Como parte del reconocimiento a su esfuerzo y compromiso, los beneficiarios recibieron un est\u00edmulo anual de mil 500 pesos.<\/p>\n\n\n\n<p>Este apoyo refleja la importancia de su labor en la atenci\u00f3n de personas en situaci\u00f3n de vulnerabilidad, a quienes brindan alimentos de calidad con calidez y dedicaci\u00f3n en los Comedores Comunitarios ubicados en las colonias El Progreso y El Bayito en Nuevo Laredo.<\/p>\n\n\n\n<p>Ambos comedores operan de lunes a viernes, en un horario de 8:00 a.m. a 3:00 p.m., ofreciendo un espacio donde las personas pueden acceder a alimentos saludables promoviendo as\u00ed el bienestar comunitario.<\/p>\n\n\n\n<p>Con estas acciones, el Sistema DIF Tamaulipas reafirma su compromiso de trabajar por el desarrollo social y mejorar la calidad de vida de las familias vulnerables.<\/p>\n","protected":false},"excerpt":{"rendered":"<p>Nuevo Laredo, Tamps.- El Sistema DIF Tamaulipas entreg\u00f3 est\u00edmulos econ\u00f3micos a 12 personas que colaboran diariamente en la preparaci\u00f3n de m\u00e1s de 100 platillos balanceados y nutritivos en los Comedores &hellip; <a href=\"http:\/\/revistalaneta.com.mx\/?p=15484\" class=\"more-link\">Leer m\u00e1s<\/a><\/p>\n","protected":false},"author":1,"featured_media":15483,"comment_status":"open","ping_status":"open","sticky":false,"template":"","format":"standard","meta":{"footnotes":""},"categories":[4],"tags":[],"class_list":["post-15484","post","type-post","status-publish","format-standard","has-post-thumbnail","hentry","category-nuevo-laredo","entry"],"_links":{"self":[{"href":"http:\/\/revistalaneta.com.mx\/index.php?rest_route=\/wp\/v2\/posts\/15484","targetHints":{"allow":["GET"]}}],"collection":[{"href":"http:\/\/revistalaneta.com.mx\/index.php?rest_route=\/wp\/v2\/posts"}],"about":[{"href":"http:\/\/revistalaneta.com.mx\/index.php?rest_route=\/wp\/v2\/types\/post"}],"author":[{"embeddable":true,"href":"http:\/\/revistalaneta.com.mx\/index.php?rest_route=\/wp\/v2\/users\/1"}],"replies":[{"embeddable":true,"href":"http:\/\/revistalaneta.com.mx\/index.php?rest_route=%2Fwp%2Fv2%2Fcomments&post=15484"}],"version-history":[{"count":1,"href":"http:\/\/revistalaneta.com.mx\/index.php?rest_route=\/wp\/v2\/posts\/15484\/revisions"}],"predecessor-version":[{"id":15485,"href":"http:\/\/revistalaneta.com.mx\/index.php?rest_route=\/wp\/v2\/posts\/15484\/revisions\/15485"}],"wp:featuredmedia":[{"embeddable":true,"href":"http:\/\/revistalaneta.com.mx\/index.php?rest_route=\/wp\/v2\/media\/15483"}],"wp:attachment":[{"href":"http:\/\/revistalaneta.com.mx\/index.php?rest_route=%2Fwp%2Fv2%2Fmedia&parent=15484"}],"wp:term":[{"taxonomy":"category","embeddable":true,"href":"http:\/\/revistalaneta.com.mx\/index.php?rest_route=%2Fwp%2Fv2%2Fcategories&post=15484"},{"taxonomy":"post_tag","embeddable":true,"href":"http:\/\/revistalaneta.com.mx\/index.php?rest_route=%2Fwp%2Fv2%2Ftags&post=15484"}],"curies":[{"name":"wp","href":"https:\/\/api.w.org\/{rel}","templated":true}]}}