{"id":15533,"date":"2025-01-28T13:32:56","date_gmt":"2025-01-28T13:32:56","guid":{"rendered":"http:\/\/revistalaneta.com.mx\/?p=15533"},"modified":"2025-01-28T13:33:29","modified_gmt":"2025-01-28T13:33:29","slug":"llevara-a-cabo-ava-gira-de-trabajo-por-la-frontera","status":"publish","type":"post","link":"http:\/\/revistalaneta.com.mx\/?p=15533","title":{"rendered":"LLEVAR\u00c1 A CABO AVA GIRA DE TRABAJO POR LA FRONTERA"},"content":{"rendered":"\n<p><br>A partir de este martes el gobernador de Tamaulipas, Am\u00e9rico Villarreal Anaya, iniciar\u00e1 una gira de trabajo por los municipios de la zona norte del estado, a fin de supervisar todo lo relacionado al tema de la recepci\u00f3n que se dar\u00e1 a los migrantes que sean deportados por el gobierno americano a trav\u00e9s de los puentes internacionales de esta entidad. El mandatario estatal iniciar\u00e1 su gira en Matamoros, donde muy temprano participar\u00e1 en la Mesa de Seguridad, donde tambi\u00e9n tomar\u00e1n parte los alcaldes de Matamoros, Valle Hermoso, R\u00edo Bravo y San Fernando, y visitar\u00e1 el centro de atenci\u00f3n para repatriados y a la vez har\u00e1 entrega de unas patrullas, y m\u00e1s tarde participar\u00e1 en sesi\u00f3n solemne del Cabildo de Matamoros, para conmemorar el 199 aniversario de la fundaci\u00f3n de dicha poblaci\u00f3n.<\/p>\n\n\n\n<p>EL VIERNES ESTAR\u00c1 EN NUEVO LAREDO<br \/>La gira continuar\u00e1 el mi\u00e9rcoles en Reynosa donde de la misma manera supervisar\u00e1 las labores de atenci\u00f3n a migrantes, pero tambi\u00e9n colocar\u00e1 la primera piedra de una nueva planta de fertilizantes y arrancar\u00e1 el proyecto del nuevo estadio de b\u00e9isbol. Y el jueves estar\u00e1 en la denominada frontera chica, donde inaugurar\u00e1 varias obras, y culminar\u00e1 sus actividades el viernes en Nuevo Laredo, donde visitar\u00e1 el refugio temporal de asistencia a migrantes, entregar\u00e1 obras y sostendr\u00e1 encuentros con inversionistas y empresarios. De esta manera el gobernador Am\u00e9rico Villarreal Anaya refrendar\u00e1 su compromiso de estar cerca de los tamaulipecos, pero tambi\u00e9n mostrando su apoyo y solidaridad a los connacionales deportados.<\/p>\n\n\n\n<p>MUY ACTIVO INICIA SEMANA EL \u201cGOBER\u201d<br \/>Por cierto que un muy activo inicio de semana tuvo el gobernador de Tamaulipas, Am\u00e9rico Villarreal Anaya, quien por principio de cuentas encabez\u00f3 los tradicionales Honores a la Bandera en la capital del estado, y tras ello puso en marcha el Programa de Bacheo 2025 en Ciudad Victoria, donde se beneficiar\u00e1 a habitantes de 30 colonias, muchas de las cuales tienen calles destrozadas desde hace a\u00f1os, y se les mejorar\u00e1 mediante dicho proyecto. Posteriormente el mandatario estatal llev\u00f3 a cabo la entrega de apoyos educativos a diversas escuelas y con proyectos como Divertic\u00f3mputo y Tabliloca, las cuales son plataformas que ayudan a los estudiantes a operar equipos de c\u00f3mputo, as\u00ed como a desarrollar habilidades matem\u00e1ticas.<\/p>\n\n\n\n<p>SE PUBLICAN LAS LISTAS DE ASPIRANTES A JUECES POR TAMAULIPAS<br \/>Y bueno tambi\u00e9n es de resaltar que Tamaulipas se convirti\u00f3 en el primer estado en publicar en el Peri\u00f3dico Oficial del Estado el listado final de aspirantes para la renovaci\u00f3n del Poder Judicial de Tamaulipas, como parte del Proceso de Evaluaci\u00f3n y Selecci\u00f3n de Postulaciones de la Elecci\u00f3n Extraordinaria 2024-2025, lo cual fue impulsado por el gobernador Am\u00e9rico Villarreal Anaya y aprobado por el Congreso del Estado, y con lo que indudablemente se establece un gran precedente en el \u00e1mbito judicial. Por cierto que el referido listado apareci\u00f3 en el POE el pasado domingo, y consta de 95 hojas, con los nombres de todos los aspirantes a los cargos judiciales.<\/p>\n\n\n\n<p>LOS QUE VAN POR PUESTOS DE NUEVO LAREDO<br \/>Y entre los nombres que aparecen en dicho listado para cargos judiciales que competen a Nuevo Laredo, se encuentran los siguientes: Ivonne Gonz\u00e1lez Salinas, Azucena Marisol Cervantes Galv\u00e1n, Jes\u00fas Enrique Flores L\u00f3pez, Yajaira Nohem\u00ed Carrizales Rivera, Luis Alberto Cendejas Morales, Sergio Alejandro \u00c1lvarez Huerta, Oscar Manuel L\u00f3pez Esparza, Luciano Felipe Esquivel Mart\u00ednez, Ada Mayte G\u00f3mez M\u00e9ndez, Mario Guzm\u00e1n Cadena, Eduardo Anaya Hern\u00e1ndez, Azucena Marisol Cervantes Galv\u00e1n, Luis Eduardo Tob\u00edas Mata, Luis Rey Gonz\u00e1lez Salazar, Patricia Viridiana Ornelas Lamas, Rafael Calixto Luna Valencia, Nicol\u00e1s L\u00f3pez Ju\u00e1rez, Roberto Ramos Arreola, Elena Salazar Flores, Mar\u00eda Dora Ch\u00e1vez Cant\u00fa, Jes\u00fas Enrique Flores L\u00f3pez, Carlos Gerardo P\u00e9rez G\u00f3mez, Emma Erika Delgado Mart\u00ednez, Yolanda Garc\u00eda Garc\u00eda, Jos\u00e9 Paz Serv\u00edn, Jos\u00e9 Luis Tob\u00edas Baz\u00e1n y Jes\u00fas Enrique Flores L\u00f3pez. Todos estos juristas van por diferentes posiciones, que de momento no incluimos por falta de espacio.<\/p>\n\n\n\n<p>REUNI\u00d3N ENTRE EDILES Y MIEMBROS DEL GABINETE MUNICIPAL<br \/>Por primera vez los miembros del cabildo y los miembros del gabinete del Gobierno Municipal de Nuevo Laredo se reunieron para tratar temas relacionados con la colaboraci\u00f3n y coordinaci\u00f3n en las labores emprendidas, a fin de brindar mejores resultados a la ciudadan\u00eda. Fue a instancias de la alcaldesa Carmen Lilia Canturosas Villarreal que se llev\u00f3 a cabo este lunes dicha reuni\u00f3n en la sala de cabildo \u201cNi\u00f1os H\u00e9roes\u201d de la Presidencia Municipal, bajo el conversatorio \u201cJuntos lo Hacemos Posible\u201d. Y aunque la reuni\u00f3n fue privada, salieron a relucir muchos temas en los que s\u00edndicos y regidores, secretarios y directores, buscaron principalmente afianzar relaciones para seguir trabajando en equipo. Y es que aun cuando se supone que los ediles mandan sobre los miembros del gabinete, muchas veces algunos de estos \u00faltimos se sienten m\u00e1s fregones, y les da por no atender debidamente a los representantes del pueblo. Y por eso precisamente se hizo dicha reuni\u00f3n.<\/p>\n\n\n\n<p>SE RE\u00daNE CARMEN LILIA CON DIRECTIVOS DE ESCUELAS<br \/>Una junta con directivos de escuelas de nivel medio superior y superior llev\u00f3 a cabo en d\u00edas pasados la alcaldesa Carmen Lilia Canturosas Villarreal, con el firme prop\u00f3sito de seguir aportando beneficios a los alumnos de dichas instituciones educativas. En el evento la mun\u00edcipe neolaredense consider\u00f3 necesario unir esfuerzos para atender los retos que se vienen para Nuevo Laredo y donde la educaci\u00f3n ser\u00e1 preponderante, a fin de contar con m\u00e1s y mejores profesionistas que ocupen las plazas laborales que se seguir\u00e1n generando, y donde destaca la pronta operaci\u00f3n de la Agencia Nacional de Aduanas de M\u00e9xico (ANAM). Carmen Lilia Canturosas tambi\u00e9n dio a conocer que en su gobierno se ha dado gran respaldo a los estudiantes de bachillerato y universidad, tales como mil 485 becas que han generado una inversi\u00f3n de m\u00e1s de 8 millones 700 mil pesos. Tomaron parte en esta reuni\u00f3n el rector de la Universidad Tecnol\u00f3gica de Nuevo Laredo (UTNL), Jos\u00e9 Antonio Tovar Lara; el director del Instituto Tecnol\u00f3gico de Nuevo Laredo, Benito S\u00e1nchez Raya; la directora de la Facultad de Enfermer\u00eda de Nuevo Laredo, Ver\u00f3nica Guajardo Balderas; el director del Tec Milenio, Abiu Gonz\u00e1lez Ixba; la directora de la Escuela Normal Urbana Cuauht\u00e9moc, Rosa Elizondo Cant\u00fa; la directora de la Universidad Pedag\u00f3gica Nacional (UPN), Yolanda Villanueva Hern\u00e1ndez. Asimismo, C\u00e9sar Hern\u00e1ndez Ancona, director de la Escuela Preparatoria UAT Nuevo Laredo;&nbsp;Luis Saavedra Rodr\u00edguez, director del Plantel CONALEP 246; Sarah\u00ed Moreno Vargas, directora del Colegio de Bachilleres del Estado de Tamaulipas 01, V\u00edctor Anaya Gil; director del COBAT 18; Patricia Moreno Arbizu, directora del CECATI 193 y Miguel \u00c1ngel Castillo, director del ITEA Nuevo Laredo.<\/p>\n\n\n\n<p>REALIZAN MUESTRA GASTRON\u00d3MICA EN LA UTNL<br \/>Como parte de las acciones conmemorativas al Mes de Tamaulipas, que se ha establecido en las escuelas de la entidad, alumnos de la Universidad Tecnol\u00f3gica de Nuevo Laredo (UTNL) llevaron a cabo este lunes en sus propias instalaciones una muestra gastron\u00f3mica sobre los platillos t\u00edpicos de los 43 municipios de la entidad. Dicha tarea fue realizada por alumnos de diversos grupos del referido plantel educativo, y quienes tambi\u00e9n realizaron rese\u00f1as sobre la historia de los municipios y algunos hasta vistieron a la usanza tamaulipeca, sin faltar la famosa cuera tamaulipeca. Estas actividades son promovidas por los directivos de la UTNL, a cargo de su rector Jos\u00e9 Antonio Tovar Lara, en apego a las indicaciones de la Secretar\u00eda de Educaci\u00f3n de Tamaulipas (SET) y las indicaciones del gobernador Am\u00e9rico Villarreal Anaya de resaltar las ra\u00edces tamaulipecas.<\/p>\n\n\n\n<p>TOMA PARTE RECTOR DE LA UAT EN EVENTOS EDUCATIVOS<br \/>Este lunes se realiz\u00f3 la firma del Acuerdo Nacional para Fortalecer la Formaci\u00f3n Profesional, el Conocimiento Tecnol\u00f3gico y la Innovaci\u00f3n, esto en la Ciudad de M\u00e9xico, y cuyo acto estuvo encabezado por el titular de la Secretar\u00eda de Educaci\u00f3n P\u00fablica (SEP), Mario Delgado Carrillo. Y en el mismo tom\u00f3 parte el rector de la Universidad Aut\u00f3noma de Tamaulipas (UAT), D\u00e1maso Anaya Alvarado, quien reafirm\u00f3 su compromiso y respaldo a la convocatoria de la presidenta Claudia Sheinbaum Pardo para trabajar por el Plan M\u00e9xico y colaborar en el desarrollo nacional en sinergia con el sector productivo. Cabe indicar que la asistencia del rector de la UAT en dicho evento obedece al hecho de que la m\u00e1xima casa de estudios de Tamaulipas pertenece a la Asociaci\u00f3n Nacional de Universidades e Instituciones de Educaci\u00f3n Superior (ANUIES), y que dicho sea de paso dicho organismo impulsa la generaci\u00f3n de recursos humanos de alto nivel es una alianza estrat\u00e9gica con la Secretar\u00eda de Educaci\u00f3n P\u00fablica (SEP), la Secretar\u00eda de Ciencia, Humanidades, Tecnolog\u00eda e Innovaci\u00f3n (SECIHTI) y el Consejo Coordinador Empresarial. Tras dicho evento Anaya Alvarado tom\u00f3 parte en la reuni\u00f3n de la ANUIES, donde se instalaron 33 comisiones para analizar, dise\u00f1ar y recomendar la instrumentaci\u00f3n, seguimiento o evaluaci\u00f3n de pol\u00edticas p\u00fablicas en temas estrat\u00e9gicos.<\/p>\n\n\n\n<p>LO \u00daLTIMO<br \/>Ya surgi\u00f3 el primer caso positivo de dengue en Nuevo Laredo en lo que va del a\u00f1o. Se dio en una menor de edad, que por fortuna est\u00e1 fuera de peligro. El caso fue confirmado por el jefe de la Jurisdicci\u00f3n Sanitaria N\u00famero 5, el doctor Manlio Fabio Benavides Gonz\u00e1lez\u2026 A partir del pr\u00f3ximo ciclo escolar la Facultad de Comercio, Administraci\u00f3n y Ciencias Sociales (FCACS) de la UAT, contar\u00e1 con la carrera de Licenciatura de Autotransporte de Carga. Y seg\u00fan el director de dicha instituci\u00f3n, Ren\u00e9 Salinas Salinas, muy probablemente se pueda abrir tambi\u00e9n la carrera de Licenciado en Psicolog\u00eda. Veremos pues\u2026 De no creerse, pero el viernes no habr\u00e1 clases en escuelas de educaci\u00f3n b\u00e1sica ya que se celebrar\u00e1n las juntas del comit\u00e9 t\u00e9cnico. Y el lunes tampoco hay clases porque se adelanta el descanso por el 5 de febrero, conmemorativo a la promulgaci\u00f3n de la Constituci\u00f3n Mexicana. Y digo que es de no creerse porque venimos de una semana perdida dizque por el fr\u00edo, con lo que seguimos acumulando muchos d\u00edas sin clases.<\/p>\n","protected":false},"excerpt":{"rendered":"<p>A partir de este martes el gobernador de Tamaulipas, Am\u00e9rico Villarreal Anaya, iniciar\u00e1 una gira de trabajo por los municipios de la zona norte del estado, a fin de supervisar &hellip; <a href=\"http:\/\/revistalaneta.com.mx\/?p=15533\" class=\"more-link\">Leer m\u00e1s<\/a><\/p>\n","protected":false},"author":1,"featured_media":15532,"comment_status":"open","ping_status":"open","sticky":false,"template":"","format":"standard","meta":{"footnotes":""},"categories":[2],"tags":[],"class_list":["post-15533","post","type-post","status-publish","format-standard","has-post-thumbnail","hentry","category-chismorreo","entry"],"_links":{"self":[{"href":"http:\/\/revistalaneta.com.mx\/index.php?rest_route=\/wp\/v2\/posts\/15533","targetHints":{"allow":["GET"]}}],"collection":[{"href":"http:\/\/revistalaneta.com.mx\/index.php?rest_route=\/wp\/v2\/posts"}],"about":[{"href":"http:\/\/revistalaneta.com.mx\/index.php?rest_route=\/wp\/v2\/types\/post"}],"author":[{"embeddable":true,"href":"http:\/\/revistalaneta.com.mx\/index.php?rest_route=\/wp\/v2\/users\/1"}],"replies":[{"embeddable":true,"href":"http:\/\/revistalaneta.com.mx\/index.php?rest_route=%2Fwp%2Fv2%2Fcomments&post=15533"}],"version-history":[{"count":1,"href":"http:\/\/revistalaneta.com.mx\/index.php?rest_route=\/wp\/v2\/posts\/15533\/revisions"}],"predecessor-version":[{"id":15534,"href":"http:\/\/revistalaneta.com.mx\/index.php?rest_route=\/wp\/v2\/posts\/15533\/revisions\/15534"}],"wp:featuredmedia":[{"embeddable":true,"href":"http:\/\/revistalaneta.com.mx\/index.php?rest_route=\/wp\/v2\/media\/15532"}],"wp:attachment":[{"href":"http:\/\/revistalaneta.com.mx\/index.php?rest_route=%2Fwp%2Fv2%2Fmedia&parent=15533"}],"wp:term":[{"taxonomy":"category","embeddable":true,"href":"http:\/\/revistalaneta.com.mx\/index.php?rest_route=%2Fwp%2Fv2%2Fcategories&post=15533"},{"taxonomy":"post_tag","embeddable":true,"href":"http:\/\/revistalaneta.com.mx\/index.php?rest_route=%2Fwp%2Fv2%2Ftags&post=15533"}],"curies":[{"name":"wp","href":"https:\/\/api.w.org\/{rel}","templated":true}]}}