{"id":15551,"date":"2025-02-14T21:26:59","date_gmt":"2025-02-14T21:26:59","guid":{"rendered":"http:\/\/revistalaneta.com.mx\/?p=15551"},"modified":"2025-02-14T21:27:41","modified_gmt":"2025-02-14T21:27:41","slug":"ofrece-banda-de-musica-del-estado-de-tamaulipas-por-primera-vez-concierto-al-interior-del-cedes-victoria","status":"publish","type":"post","link":"http:\/\/revistalaneta.com.mx\/?p=15551","title":{"rendered":"Ofrece Banda de M\u00fasica del Estado de Tamaulipas por primera vez concierto al interior del CEDES Victoria"},"content":{"rendered":"\n<p><\/p>\n\n\n\n<p><\/p>\n\n\n\n<p>Ciudad Victoria, Tamps.- Por primera vez en su historia, personas privadas de la libertad (PPLs) disfrutaron de un concierto al interior del Centro de Ejecuci\u00f3n de Sanciones (CEDES) de Ciudad Victoria a cargo de la Banda de M\u00fasica del Gobierno del Estado de Tamaulipas, ensamble que present\u00f3 piezas representativas de la entidad, como \u201cTampico Hermoso\u201d, \u201cEl Navegante\u201d y \u201cVictoria\u201d; as\u00ed como temas de Selena Quintanilla, Queen, cl\u00e1sicos del rock, cumbias y mambos; los cuales fueron disfrutados por un aproximado de 250 asistentes.<\/p>\n\n\n\n<p>Al respecto, el director de la agrupaci\u00f3n, maestro Carlos Alberto Trejo Garc\u00eda, destac\u00f3 que esta acci\u00f3n forma parte del programa de arte comunitario \u201cRa\u00edces Tamaulipecas\u201d del Instituto Tamaulipeco para la Cultura y las Artes (ITCA), el cual ha permitido acercar distintas disciplinas art\u00edsticas, entre ellas, la m\u00fasica a diferentes grupos poblacionales.<\/p>\n\n\n\n<p>\u201cEs una experiencia distinta; habitualmente estamos en una plaza, para uno, incluso como director, es distinta la posici\u00f3n en la que estamos en relaci\u00f3n a un concierto, por ejemplo, en un teatro, entonces es algo que realmente me llena de emoci\u00f3n estar aqu\u00ed porque es algo, un reto distinto, con un p\u00fablico distinto con personas que no hab\u00edamos tenido la oportunidad de conocer\u201d, manifest\u00f3.<\/p>\n\n\n\n<p>Esta acci\u00f3n marc\u00f3 el inicio de una serie de gestiones que la Secretar\u00eda de Seguridad P\u00fablica de Tamaulipas (SSPT) se encuentra realizando con el ITCA para realizar presentaciones al interior de los cinco CEDES de la entidad, por ello, el director del centro, Fernando Aguilar De la Garza, destac\u00f3 estas acciones para lograr la reinserci\u00f3n social.<\/p>\n\n\n\n<p>\u201cEs un orgullo que hayamos sido pioneros en esto y que se pueda aplicar la misma actividad en los dem\u00e1s centros de ejecuci\u00f3n de sanciones porque la verdad es una actividad muy favorable que va a tener una respuesta muy positiva dentro de los dem\u00e1s centros penitenciarios\u201d, dijo.<\/p>\n\n\n\n<p>Por su parte, el subsecretario de Ejecuci\u00f3n de Sanciones y Reinserci\u00f3n Social, Juan Antonio S\u00e1nchez Ruiz, enfatiz\u00f3 la importancia de construir espacios donde la cultura, educaci\u00f3n y el arte, adem\u00e1s de un derecho, sean un medio de sanaci\u00f3n; en esta experiencia art\u00edstica estuvo acompa\u00f1ado por la directora de Educaci\u00f3n y Desarrollo Art\u00edstico del ITCA, Nicolina Sarno Berardi; el director de Reinserci\u00f3n Social y Servicios Post Penales, Jorge Alberto Sauceda Velazco y la jefa de seguimiento y evaluaci\u00f3n del ITCA, Rosa Elena Andaverde Gil.<code> * * *<\/code><\/p>\n","protected":false},"excerpt":{"rendered":"<p>Ciudad Victoria, Tamps.- Por primera vez en su historia, personas privadas de la libertad (PPLs) disfrutaron de un concierto al interior del Centro de Ejecuci\u00f3n de Sanciones (CEDES) de Ciudad &hellip; <a href=\"http:\/\/revistalaneta.com.mx\/?p=15551\" class=\"more-link\">Leer m\u00e1s<\/a><\/p>\n","protected":false},"author":1,"featured_media":15550,"comment_status":"open","ping_status":"open","sticky":false,"template":"","format":"standard","meta":{"footnotes":""},"categories":[7],"tags":[],"class_list":["post-15551","post","type-post","status-publish","format-standard","has-post-thumbnail","hentry","category-ciudad-victoria","entry"],"_links":{"self":[{"href":"http:\/\/revistalaneta.com.mx\/index.php?rest_route=\/wp\/v2\/posts\/15551","targetHints":{"allow":["GET"]}}],"collection":[{"href":"http:\/\/revistalaneta.com.mx\/index.php?rest_route=\/wp\/v2\/posts"}],"about":[{"href":"http:\/\/revistalaneta.com.mx\/index.php?rest_route=\/wp\/v2\/types\/post"}],"author":[{"embeddable":true,"href":"http:\/\/revistalaneta.com.mx\/index.php?rest_route=\/wp\/v2\/users\/1"}],"replies":[{"embeddable":true,"href":"http:\/\/revistalaneta.com.mx\/index.php?rest_route=%2Fwp%2Fv2%2Fcomments&post=15551"}],"version-history":[{"count":1,"href":"http:\/\/revistalaneta.com.mx\/index.php?rest_route=\/wp\/v2\/posts\/15551\/revisions"}],"predecessor-version":[{"id":15552,"href":"http:\/\/revistalaneta.com.mx\/index.php?rest_route=\/wp\/v2\/posts\/15551\/revisions\/15552"}],"wp:featuredmedia":[{"embeddable":true,"href":"http:\/\/revistalaneta.com.mx\/index.php?rest_route=\/wp\/v2\/media\/15550"}],"wp:attachment":[{"href":"http:\/\/revistalaneta.com.mx\/index.php?rest_route=%2Fwp%2Fv2%2Fmedia&parent=15551"}],"wp:term":[{"taxonomy":"category","embeddable":true,"href":"http:\/\/revistalaneta.com.mx\/index.php?rest_route=%2Fwp%2Fv2%2Fcategories&post=15551"},{"taxonomy":"post_tag","embeddable":true,"href":"http:\/\/revistalaneta.com.mx\/index.php?rest_route=%2Fwp%2Fv2%2Ftags&post=15551"}],"curies":[{"name":"wp","href":"https:\/\/api.w.org\/{rel}","templated":true}]}}