{"id":15557,"date":"2025-02-14T21:29:18","date_gmt":"2025-02-14T21:29:18","guid":{"rendered":"http:\/\/revistalaneta.com.mx\/?p=15557"},"modified":"2025-02-14T21:29:34","modified_gmt":"2025-02-14T21:29:34","slug":"entrega-itm-3-mil-constancias-de-capacitacion-a-servidores-publicos-de-la-fgj","status":"publish","type":"post","link":"http:\/\/revistalaneta.com.mx\/?p=15557","title":{"rendered":"Entrega ITM 3 mil constancias de capacitaci\u00f3n a servidores p\u00fablicos de la FGJ"},"content":{"rendered":"\n<p><\/p>\n\n\n\n<p><\/p>\n\n\n\n<p>Ciudad Victoria, Tamaulipas.\u2013 Derivado de la jornada de capacitaci\u00f3n que llev\u00f3 a cabo el Instituto Tamaulipeco para los Migrantes (ITM) en coordinaci\u00f3n con la Unidad de Pol\u00edtica Migratoria de la Secretar\u00eda de Gobernaci\u00f3n, dirigida a servidores p\u00fablicos de la Fiscal\u00eda General de Justicia del Estado de Tamaulipas (FGJ), en materia de Migraci\u00f3n y Derechos Humanos, Trata de Personas en Contexto de Movilidad y Migraci\u00f3n y No Discriminaci\u00f3n, se realiz\u00f3 el acto protocolario de entrega de 3 mil constancias de capacitaci\u00f3n, en el que, de manera simb\u00f3lica, las recibieron 20 servidores p\u00fablicos de dicha fiscal\u00eda.<\/p>\n\n\n\n<p>El director del ITM, Juan Jos\u00e9 Rodr\u00edguez Alvarado, puntualiz\u00f3 que esta capacitaci\u00f3n &#8220;es parte de las acciones que instruye nuestro gobernador Am\u00e9rico Villarreal Anaya, a fin de que las y los servidores p\u00fablicos de la FGJ fortalezcan sus capacidades para garantizar el acceso a los derechos de las personas migrantes que se encuentran o transitan por nuestro estado, sin importar su condici\u00f3n migratoria, nacionalidad, religi\u00f3n o g\u00e9nero, defendiendo y garantizando su seguridad jur\u00eddica&#8221;.<\/p>\n\n\n\n<p>El evento se llev\u00f3 a cabo en la Sala de Juicios Orales de la propia FGJ y cont\u00f3 con la presencia del director general del ITM, Juan Jos\u00e9 Rodr\u00edguez Alvarado; el vicefiscal de Alto Impacto y de Violaciones a Derechos Humanos, Jes\u00fas Miguel Gracia Riestra; la presidenta de la Comisi\u00f3n Estatal de Derechos Humanos de Tamaulipas, Mar\u00eda Tadie Garza Guerra; el subsecretario de Derechos Humanos y Articulaci\u00f3n Social de la SEBIEN, Esteban Etienne; la fiscal especializada en la Investigaci\u00f3n de Derechos Humanos, Mariana Ram\u00edrez Solano, y el director general de Asuntos Jur\u00eddicos y de Derechos Humanos de la FGJ, Craig L\u00f3pez Olgu\u00edn.<code> * * *<\/code><\/p>\n","protected":false},"excerpt":{"rendered":"<p>Ciudad Victoria, Tamaulipas.\u2013 Derivado de la jornada de capacitaci\u00f3n que llev\u00f3 a cabo el Instituto Tamaulipeco para los Migrantes (ITM) en coordinaci\u00f3n con la Unidad de Pol\u00edtica Migratoria de la &hellip; <a href=\"http:\/\/revistalaneta.com.mx\/?p=15557\" class=\"more-link\">Leer m\u00e1s<\/a><\/p>\n","protected":false},"author":1,"featured_media":15556,"comment_status":"open","ping_status":"open","sticky":false,"template":"","format":"standard","meta":{"footnotes":""},"categories":[7],"tags":[],"class_list":["post-15557","post","type-post","status-publish","format-standard","has-post-thumbnail","hentry","category-ciudad-victoria","entry"],"_links":{"self":[{"href":"http:\/\/revistalaneta.com.mx\/index.php?rest_route=\/wp\/v2\/posts\/15557","targetHints":{"allow":["GET"]}}],"collection":[{"href":"http:\/\/revistalaneta.com.mx\/index.php?rest_route=\/wp\/v2\/posts"}],"about":[{"href":"http:\/\/revistalaneta.com.mx\/index.php?rest_route=\/wp\/v2\/types\/post"}],"author":[{"embeddable":true,"href":"http:\/\/revistalaneta.com.mx\/index.php?rest_route=\/wp\/v2\/users\/1"}],"replies":[{"embeddable":true,"href":"http:\/\/revistalaneta.com.mx\/index.php?rest_route=%2Fwp%2Fv2%2Fcomments&post=15557"}],"version-history":[{"count":1,"href":"http:\/\/revistalaneta.com.mx\/index.php?rest_route=\/wp\/v2\/posts\/15557\/revisions"}],"predecessor-version":[{"id":15558,"href":"http:\/\/revistalaneta.com.mx\/index.php?rest_route=\/wp\/v2\/posts\/15557\/revisions\/15558"}],"wp:featuredmedia":[{"embeddable":true,"href":"http:\/\/revistalaneta.com.mx\/index.php?rest_route=\/wp\/v2\/media\/15556"}],"wp:attachment":[{"href":"http:\/\/revistalaneta.com.mx\/index.php?rest_route=%2Fwp%2Fv2%2Fmedia&parent=15557"}],"wp:term":[{"taxonomy":"category","embeddable":true,"href":"http:\/\/revistalaneta.com.mx\/index.php?rest_route=%2Fwp%2Fv2%2Fcategories&post=15557"},{"taxonomy":"post_tag","embeddable":true,"href":"http:\/\/revistalaneta.com.mx\/index.php?rest_route=%2Fwp%2Fv2%2Ftags&post=15557"}],"curies":[{"name":"wp","href":"https:\/\/api.w.org\/{rel}","templated":true}]}}