{"id":15569,"date":"2025-02-14T21:39:56","date_gmt":"2025-02-14T21:39:56","guid":{"rendered":"http:\/\/revistalaneta.com.mx\/?p=15569"},"modified":"2025-02-14T21:40:11","modified_gmt":"2025-02-14T21:40:11","slug":"imjuve-invita-al-urban-fest-este-sabado-en-el-parque-silao","status":"publish","type":"post","link":"http:\/\/revistalaneta.com.mx\/?p=15569","title":{"rendered":"IMJUVE invita al Urban Fest este s\u00e1bado en el Parque Silao"},"content":{"rendered":"\n<p><\/p>\n\n\n\n<p>Nuevo Laredo, Tamps.- El Instituto Municipal de la Juventud (IMJUVE) de Nuevo Laredo invita a todos los j\u00f3venes y a la comunidad en general al Urban Fest, un evento que busca celebrar la diversidad y fomentar la expresi\u00f3n art\u00edstica y cultural a trav\u00e9s de distintas disciplinas urbanas.<\/p>\n\n\n\n<p>El festival se llevar\u00e1 a cabo este s\u00e1bado 15 de febrero en las instalaciones del Parque Silao, ubicado en la colonia Las Torres. Las actividades dar\u00e1n inicio a partir de las 4:00 de la tarde, ofreciendo un espacio lleno de talento y creatividad.<\/p>\n\n\n\n<p>Los asistentes podr\u00e1n disfrutar de una variedad de exhibiciones, entre ellas demostraciones de skate, car clubs, lowrider, grafiti, K-Pop y batallas de freestyle. Adem\u00e1s, habr\u00e1 un bazar urbano en el que se podr\u00e1n encontrar productos como ropa, accesorios, comida y otros art\u00edculos.<\/p>\n\n\n\n<p>Con esta iniciativa, el IMJUVE busca impulsar el talento local y generar espacios en los que los j\u00f3venes puedan expresarse libremente a trav\u00e9s del arte y la cultura urbana. El Urban Fest es una plataforma para fortalecer la identidad juvenil, promover la convivencia y reconocer el impacto positivo de estas expresiones en la comunidad.<\/p>\n\n\n\n<p>La invitaci\u00f3n est\u00e1 abierta para todos aquellos que quieran formar parte de este evento lleno de energ\u00eda y creatividad. La entrada es gratuita. \u00a1No te lo pierdas!<\/p>\n","protected":false},"excerpt":{"rendered":"<p>Nuevo Laredo, Tamps.- El Instituto Municipal de la Juventud (IMJUVE) de Nuevo Laredo invita a todos los j\u00f3venes y a la comunidad en general al Urban Fest, un evento que &hellip; <a href=\"http:\/\/revistalaneta.com.mx\/?p=15569\" class=\"more-link\">Leer m\u00e1s<\/a><\/p>\n","protected":false},"author":1,"featured_media":15568,"comment_status":"open","ping_status":"open","sticky":false,"template":"","format":"standard","meta":{"footnotes":""},"categories":[4],"tags":[],"class_list":["post-15569","post","type-post","status-publish","format-standard","has-post-thumbnail","hentry","category-nuevo-laredo","entry"],"_links":{"self":[{"href":"http:\/\/revistalaneta.com.mx\/index.php?rest_route=\/wp\/v2\/posts\/15569","targetHints":{"allow":["GET"]}}],"collection":[{"href":"http:\/\/revistalaneta.com.mx\/index.php?rest_route=\/wp\/v2\/posts"}],"about":[{"href":"http:\/\/revistalaneta.com.mx\/index.php?rest_route=\/wp\/v2\/types\/post"}],"author":[{"embeddable":true,"href":"http:\/\/revistalaneta.com.mx\/index.php?rest_route=\/wp\/v2\/users\/1"}],"replies":[{"embeddable":true,"href":"http:\/\/revistalaneta.com.mx\/index.php?rest_route=%2Fwp%2Fv2%2Fcomments&post=15569"}],"version-history":[{"count":1,"href":"http:\/\/revistalaneta.com.mx\/index.php?rest_route=\/wp\/v2\/posts\/15569\/revisions"}],"predecessor-version":[{"id":15570,"href":"http:\/\/revistalaneta.com.mx\/index.php?rest_route=\/wp\/v2\/posts\/15569\/revisions\/15570"}],"wp:featuredmedia":[{"embeddable":true,"href":"http:\/\/revistalaneta.com.mx\/index.php?rest_route=\/wp\/v2\/media\/15568"}],"wp:attachment":[{"href":"http:\/\/revistalaneta.com.mx\/index.php?rest_route=%2Fwp%2Fv2%2Fmedia&parent=15569"}],"wp:term":[{"taxonomy":"category","embeddable":true,"href":"http:\/\/revistalaneta.com.mx\/index.php?rest_route=%2Fwp%2Fv2%2Fcategories&post=15569"},{"taxonomy":"post_tag","embeddable":true,"href":"http:\/\/revistalaneta.com.mx\/index.php?rest_route=%2Fwp%2Fv2%2Ftags&post=15569"}],"curies":[{"name":"wp","href":"https:\/\/api.w.org\/{rel}","templated":true}]}}