{"id":15580,"date":"2025-02-14T21:49:09","date_gmt":"2025-02-14T21:49:09","guid":{"rendered":"http:\/\/revistalaneta.com.mx\/?p=15580"},"modified":"2025-02-14T21:50:13","modified_gmt":"2025-02-14T21:50:13","slug":"se-avecina-mas-guerra-sucia-en-el-estado","status":"publish","type":"post","link":"http:\/\/revistalaneta.com.mx\/?p=15580","title":{"rendered":"SE AVECINA M\u00c1S GUERRA SUCIA EN EL ESTADO"},"content":{"rendered":"\n<p><br>Para la semana entrante se ha programado que el Auditor Superior del Estado (ASE) de Tamaulipas, Francisco Noriega Orozco, presente ante el Congreso del Estado las observaciones sobre supuestas irregularidades cometidas por funcionarios de la administraci\u00f3n estatal anterior, lo que implica que se puede venir una andanada aun mayor de ataques hacia el gobierno estatal, por parte del grupo de los \u201ccabecistas\u201d, esto a fin de tratar de evitar tal hecho. Pero en el gobierno tamaulipeco est\u00e1n decididos a soportar los embates, con tal de hacer cumplir la ley y sancionar a todos aquellos que saquearon las arcas estatales, en detrimento de los tamaulipecos. As\u00ed que no extra\u00f1e que se venga m\u00e1s guerra sucia hacia el gobierno que encabeza Am\u00e9rico Villarreal Anaya de parte de sus atemorizados adversarios.<\/p>\n\n\n\n<p>EN JULIO INICIAN OBRAS DEL TREN DE PASAJEROS<br \/>Para julio de este a\u00f1o se espera que inicien los trabajos de construcci\u00f3n de las v\u00edas f\u00e9rreas para el tren de pasajeros en su tramo de Nuevo Laredo a Saltillo, y que se habla concluir\u00e1n antes de que culmine el 2027. Cabe indicar que parte de la actual red ferroviaria ser\u00e1 utilizada para el tren de pasajeros, aunque tambi\u00e9n se tender\u00e1n nuevas l\u00edneas. En total ser\u00e1n 341 kil\u00f3metros de v\u00edas f\u00e9rreas las que se usar\u00e1n en este tramo de la zona norte, y que incluir\u00e1 estaciones en Escobedo, Monterrey, Santa Catarina, Ramos Arizpe, Saltillo, y se incluir\u00e1 tambi\u00e9n la zona conocida como Derramadero. A la par se realizar\u00e1n las obras para el mismo servicio de tren de pasajeros de la Ciudad de M\u00e9xico a Quer\u00e9taro, y de Quer\u00e9taro a Saltillo, para completar el viaje directo de Nuevo Laredo a la Ciudad de M\u00e9xico. Sea pues.<\/p>\n\n\n\n<p>AVANZA MODERNIZACI\u00d3N DE ALUMBRADO P\u00daBLICO<br \/>El 85 por ciento de la ciudad de Nuevo Laredo cuenta ya con iluminaci\u00f3n a base de vapor de sodio por tecnolog\u00eda LED, que aparte de representar un gran ahorro en consumo de energ\u00eda el\u00e9ctrica, duran m\u00e1s y son m\u00e1s eficientes que el viejo sistema de alumbrado. Y bueno esto ha sido posible gracias a la implementaci\u00f3n del programa \u201cNuevo Laredo Se Prende\u201d, establecido por la alcaldesa Carmen Lilia Canturosas Villarreal, y donde se han sustituido luminarias de 150 watts de vapor de sodio por nuevas unidades LED de 50, 60, 70, 80 y 100 watts, y las cuales tienen un promedio de duraci\u00f3n de 10 a\u00f1os y cuentan con todas las certificaciones vigentes en tecnolog\u00eda de iluminaci\u00f3n. Se espera que el Gobierno Municipal de Nuevo Laredo pueda terminar este mismo a\u00f1o de sustituir todas las luces que faltan por ser cambiadas al nuevo sistema.<\/p>\n\n\n\n<p>LEGISLADORES NEOLAREDENSES HABLAN DE REFORMA AL INFONAVIT<br \/>A trav\u00e9s de un video grabado desde su oficina legislativa en la C\u00e1mara de Diputados, el diputado federal neolaredense, Carlos Canturosas Villarreal, dio a conocer la emisi\u00f3n de un escrito donde se aclaran dudas sobre la reci\u00e9n aprobada Reforma a la Ley de Infonavit, y donde CCR manifiesta que se explican los beneficios claves, as\u00ed como se desmienten mitos y se resuelven dudas sobre como dicha reforma impacta a los trabajadores. Dicho video, junto con un link donde viene el escrito, se puede ver en su p\u00e1gina de Facebook, para quien guste dar cuenta del mismo. En contraparte la senadora tamaulipeca, de origen neolaredense, Imelda Sanmiguel S\u00e1nchez, acus\u00f3, tambi\u00e9n por medio de sus redes sociales, que se han sustra\u00eddo ilegalmente los 2.4 billones de pesos que los trabajadores tienen ahorrados de manera global, en el Infonavit. Obvio, tanto Carlos, de MORENA, como Imelda, del PAN, dan su propio punto de vista en torno a este tema, ya corresponde a la gente hacer sus propias conjeturas al respecto.<\/p>\n\n\n\n<p>INTENSA ACTIVIDAD EN LA UT DE NUEVO LAREDO<br \/>Donde siguen con intensa actividad es en la Universidad Tecnol\u00f3gica de Nuevo Laredo (UTNL) pues en los \u00faltimos d\u00edas han sostenido una serie de eventos, tales como visitas guiadas a alumnos del sexto semestre de las preparatorias municipales, a fin de que conozcan las instalaciones de dicho plantel y su oferta educativa, y se animen a ingresar a dicha universidad una vez que concluyan su presente ciclo escolar. Aparte alumnas de diversas carreras tuvieron la oportunidad de dialogar con mujeres empresarias que destacan en \u00e1reas de ciencia, tecnolog\u00eda, ingenier\u00eda y matem\u00e1ticas, esto en el marco del D\u00eda Internacional de la Mujer y la Ni\u00f1a en la Ciencia, en un evento celebrado en las mismas instalaciones del plantel, y con el apoyo de la empresa Medline. Asimismo, se han establecido consultas de nutrici\u00f3n para los alumnos, con respaldo del Instituto Municipal de la Juventud (IMJUVE) e igualmente se recibi\u00f3 en donaci\u00f3n por parte de la Asociaci\u00f3n de Transportistas de Carga (ATC) de Nuevo Laredo, un tren de fuerza motriz para pr\u00e1cticas en carreras de log\u00edstica internacional. Todas estas acciones fomentadas por el rector de la UTNL, Jos\u00e9 Antonio Tovar Lara.<\/p>\n\n\n\n<p>\u00a1PONTE LA CHAQUETA\u2026 QU\u00cdTATE LA CHAQUETA!<br \/>Como en entrenamiento de Karate Kid, por aquello de \u00a1ponte la chaqueta\u2026 qu\u00edtate la chaqueta! vamos a nadar en Nuevo Laredo y la regi\u00f3n en los pr\u00f3ximos d\u00edas, ya que se vienen d\u00edas calientes y fr\u00edos, como consecuencia de la entrada de tres frentes fr\u00edos consecutivos. Por ejemplo este viernes vamos a seguir con fr\u00edo como, pero el s\u00e1bado mejora la temperatura, y luego el domingo est\u00e1 pronosticada una m\u00e1xima de 22 grados cent\u00edgrados con una m\u00ednima de 5 grados, mientras que el lunes tendremos 24\/13 y el martes 29\/5, para luego el mi\u00e9rcoles venirse un baj\u00f3n en la temperatura, con posibilidades de llegar a los cero grados. El fr\u00edo se mantendr\u00e1 el jueves 20 y viernes 21 de febrero, y mejora un poco a partir del s\u00e1bado, y as\u00ed hasta el fin de mes. Pero nada de qu\u00e9 preocuparse, y de hecho por lo visto febrero se va a ir, sin castigarnos.<\/p>\n\n\n\n<p>SIGUEN LAS CITAS MORTALES EN EL IMSS<br \/>Contin\u00faan dando citas mortales en el Instituto Mexicano del Seguro Social (IMSS) de Nuevo Laredo. Y se les llama mortales, porque aun cuando los derechohabientes se encuentren muy delicados de salud, se les dan citas para atenci\u00f3n dentro de tres meses en \u00e1reas de especialidades, con el riesgo de que el paciente muera antes de que se le pueda diagnosticar qu\u00e9 tiene. Pero bueno, todav\u00eda hay quienes creen el cuento ese de que tenemos un magn\u00edfico de sistema de salud, similar al de Dinamarca como dec\u00eda \u201cya saben qui\u00e9n\u201d. De verdad que ya ni la burla perdonan.<\/p>\n\n\n\n<p>SE LA BA\u00d1AN LOS DE BBVA<br \/>El banco BBVA ha anunciado la aplicaci\u00f3n de comisiones por transferencias que realizan sus propios clientes, situaci\u00f3n que obviamente tiene a estos molestos, sobre todo porque antes no pagaban nada por dicho servicio. Sin embargo, los directivos de este banco (que ya no quieren que le digan Bancomer) han anunciado el cobro de cinco pesos por las transferencias interbancarias (SPEI) realizada el mismo d\u00eda, en tanto que por transferencias a cuentas propias o de terceros el cobro ser\u00e1 de 4.50 pesos por operaci\u00f3n, mientras que en las transferencias internacionales, y dependiendo del banco receptor y el monto, se puede llegar a cobrar hasta 380 pesos. Incluso por las transferencias en d\u00f3lares se aplicar\u00e1 ahora una comisi\u00f3n de 5 d\u00f3lares por operaci\u00f3n. Tal vez haya quienes consideren que es poco, pero acumulado viene siendo una buena feria.<\/p>\n\n\n\n<p>CONVIVE RECTOR DE LA UAT CON ALUMNOS<br \/>Reiterando el compromiso de fortalecer el v\u00ednculo con la comunidad estudiantil y brindarles oportunidades de crecimiento para su formaci\u00f3n integral, el rector de la Universidad Aut\u00f3noma de Tamaulipas (UAT), D\u00e1maso Anaya Alvarado, encabez\u00f3 un convivio con alumnos de la Facultad de Comercio y Administraci\u00f3n Victoria (FCAV). Dicho acto lo celebr\u00f3 el titular de la m\u00e1xima casa de estudios de la entidad acompa\u00f1ado por su esposa, Isolda Rend\u00f3n de Anaya, presidenta de Familia UAT, y del director de la Facultad, Jes\u00fas Gerardo Delgado Rivas, y donde hubo tanto actos tanto acad\u00e9micos como deportivos, culturales y de emprendimiento, figurando la entrega de uniformes a miembros del equipo de f\u00fatbol americano, la entrega de 21 trofeos a los equipos de dicha instituci\u00f3n acad\u00e9mica que obtuvieron los primeros lugares en el Torneo Interfacultades 2024, adem\u00e1s de la presentaci\u00f3n de 54 m\u00f3dulos del proyecto \u201cEmprende FCAV Edici\u00f3n San Valent\u00edn\u201d, una iniciativa que busca fomentar la creatividad y el esp\u00edritu emprendedor entre los estudiantes. Al respecto el rector destac\u00f3 la importancia de promover este tipo de convivencias con la comunidad estudiantil, ya que se genera un ambiente de colaboraci\u00f3n y mayor aprendizaje, que beneficia en todo a la UAT.<\/p>\n\n\n\n<p>LO \u00daLTIMO<br \/>Una labor callada pero efectiva lleva a cabo la segunda s\u00edndica Mirna Rend\u00f3n Santos. Es de las mujeres que no les gustan los reflectores, pero sabe hacer su trabajo, y lo est\u00e1 demostrando. Una gran aliada de la alcaldesa Carmen Lilia Canturosas Villarreal\u2026 De reconocerse la respuesta inmediata que dan en la Comisi\u00f3n Municipal de Agua Potable y Alcantarillado (COMAPA) de Nuevo Laredo a las peticiones ciudadanas. Aunque claro que para ello hay que hacer los reportes por las v\u00edas pertinentes, pero de que atienden r\u00e1pido, vaya que atienden, siguiendo las instrucciones de la gerente general Silvia Fern\u00e1ndez Gallardo Boone y el gerente t\u00e9cnico, Edgar Benavides Ramos\u2026 Fueron presentados los ni\u00f1os que representar\u00e1n a M\u00e9xico en la tradicional Ceremonia del Abrazo de las Fiestas de George Washington a celebrarse el pr\u00f3ximo s\u00e1bado 22 de febrero. Se trata de los peque\u00f1os Mar\u00eda Fernanda Garc\u00eda y Tiago X. Fern\u00e1ndez\u2026 Un Club de Pollos, una Pizza De Prizza y un First-Cash y un Marla son algunos de los negocios que estar\u00e1n ubicados en el nuevo complejo comercial situado justo a la entrada del fraccionamiento Villas de Sanmiguel en Nuevo Laredo\u2026 Al menos otras cinco tiendas Oxxo se empezar\u00e1n a construir a partir del pr\u00f3ximo mes en esta ciudad fronteriza. Sigue creciendo la cadena\u2026 A todo lo que da est\u00e1n las apuestas para ver si aparece este viernes 14 de febrero en Nuevo Laredo el mentado \u201cMarino Enamorado\u201d. \u00bfSeguir\u00e1 de terco? Ya est\u00e1 viejo para seguir con sus chiflazones.<\/p>\n","protected":false},"excerpt":{"rendered":"<p>Para la semana entrante se ha programado que el Auditor Superior del Estado (ASE) de Tamaulipas, Francisco Noriega Orozco, presente ante el Congreso del Estado las observaciones sobre supuestas irregularidades &hellip; <a href=\"http:\/\/revistalaneta.com.mx\/?p=15580\" class=\"more-link\">Leer m\u00e1s<\/a><\/p>\n","protected":false},"author":1,"featured_media":15579,"comment_status":"open","ping_status":"open","sticky":false,"template":"","format":"standard","meta":{"footnotes":""},"categories":[2],"tags":[],"class_list":["post-15580","post","type-post","status-publish","format-standard","has-post-thumbnail","hentry","category-chismorreo","entry"],"_links":{"self":[{"href":"http:\/\/revistalaneta.com.mx\/index.php?rest_route=\/wp\/v2\/posts\/15580","targetHints":{"allow":["GET"]}}],"collection":[{"href":"http:\/\/revistalaneta.com.mx\/index.php?rest_route=\/wp\/v2\/posts"}],"about":[{"href":"http:\/\/revistalaneta.com.mx\/index.php?rest_route=\/wp\/v2\/types\/post"}],"author":[{"embeddable":true,"href":"http:\/\/revistalaneta.com.mx\/index.php?rest_route=\/wp\/v2\/users\/1"}],"replies":[{"embeddable":true,"href":"http:\/\/revistalaneta.com.mx\/index.php?rest_route=%2Fwp%2Fv2%2Fcomments&post=15580"}],"version-history":[{"count":1,"href":"http:\/\/revistalaneta.com.mx\/index.php?rest_route=\/wp\/v2\/posts\/15580\/revisions"}],"predecessor-version":[{"id":15581,"href":"http:\/\/revistalaneta.com.mx\/index.php?rest_route=\/wp\/v2\/posts\/15580\/revisions\/15581"}],"wp:featuredmedia":[{"embeddable":true,"href":"http:\/\/revistalaneta.com.mx\/index.php?rest_route=\/wp\/v2\/media\/15579"}],"wp:attachment":[{"href":"http:\/\/revistalaneta.com.mx\/index.php?rest_route=%2Fwp%2Fv2%2Fmedia&parent=15580"}],"wp:term":[{"taxonomy":"category","embeddable":true,"href":"http:\/\/revistalaneta.com.mx\/index.php?rest_route=%2Fwp%2Fv2%2Fcategories&post=15580"},{"taxonomy":"post_tag","embeddable":true,"href":"http:\/\/revistalaneta.com.mx\/index.php?rest_route=%2Fwp%2Fv2%2Ftags&post=15580"}],"curies":[{"name":"wp","href":"https:\/\/api.w.org\/{rel}","templated":true}]}}