{"id":15598,"date":"2025-03-07T06:56:13","date_gmt":"2025-03-07T06:56:13","guid":{"rendered":"http:\/\/revistalaneta.com.mx\/?p=15598"},"modified":"2025-03-07T06:57:02","modified_gmt":"2025-03-07T06:57:02","slug":"se-reune-los-canturosas-con-titular-de-aduanas","status":"publish","type":"post","link":"http:\/\/revistalaneta.com.mx\/?p=15598","title":{"rendered":"SE RE\u00daNE LOS CANTUROSAS CON TITULAR DE ADUANAS"},"content":{"rendered":"\n<p><br>Incrementar la plantilla laboral en los tres puentes internacionales, pero muy primordialmente en el del Comercio Mundial (puente 3), a fin de mejorar la operaci\u00f3n aduanera de importaci\u00f3n y exportaci\u00f3n, as\u00ed como tambi\u00e9n agilizar las revisiones que se realizan en los tres cruces internacionales por parte de autoridades federales y que retrasan el cruce de veh\u00edculos ligeros y de carga a Estados Unidos, y la solicitud de un refuerzo tecnol\u00f3gico y de seguridad, as\u00ed como un equipo de rayos X para el \u00e1rea de exportaci\u00f3n que permitir\u00e1 agilizar revisiones en dichos cruces, adem\u00e1s de mejoras en infraestructura digital para evitar la constante ca\u00edda del sistema aduanero, que genera retrasos y afecta el flujo comercial, han sido las peticiones que la presidenta municipal, Carmen Lilia Canturosas Villarreal, ha hecho expresamente al titular de la Agencia Nacional de Aduanas de M\u00e9xico (ANAM), Rafael Mar\u00edn Mollinedo, en visita que le ha hecho en la capital del pa\u00eds.<\/p>\n\n\n\n<p>EN BUSCA DE SOLUCIONES<br \/>La alcaldesa neolaredense fue a ver al funcionario federal directamente en la capital del pa\u00eds, y en dicha reuni\u00f3n estuvo acompa\u00f1ada de su hermano, el diputado federal, Carlos Canturosas Villarreal, y juntos hicieron sinergia en este importante encuentro con el titular de las Aduanas a nivel nacional, en busca de soluciones a la problem\u00e1tica que aqueja, ya no solo a los operadores de camiones, empresarios del transporte y agentes aduanales, sino tambi\u00e9n a la ciudadan\u00eda en general, en los cruces, tanto hacia el lado americano, como tambi\u00e9n en el lado mexicano, y donde se exige flexibilidad, pero sobre todo agilidad en las revisiones, para no causar tantas afectaciones. De esta manera es claro que los Canturosas est\u00e1n trabajando coordinadamente y gestionando acciones concretas para garantizar la eficiencia de la aduana y con ello mejorar la competitividad de Nuevo Laredo en el comercio internacional, del cual tanto dependemos como ciudad. Bien por ello.<\/p>\n\n\n\n<p>SESIONAR\u00c1 CONGRESO EN NUEVO LAREDO<br \/>Tanto el lunes 24 como el martes 25 de marzo el Congreso del Estado de Tamaulipas sesionar\u00e1 en Nuevo Laredo, esto como parte del proyecto \u201cCongreso Itinerante\u201d promovido por la Junta de Gobierno de dicho \u00f3rgano legislativo, y que tiene como objetivo acercar la labor que realizan los diputados, a la ciudadan\u00eda. Para tal efecto el mismo pleno del congreso ha declarado recinto oficial para dichas sesiones el teatro principal del Centro Cultural de Nuevo Laredo, por lo que los ciudadanos que gusten asistir ser\u00e1n recibidos, siempre y cuando guarden el orden debido. Con esto se reafirma el compromiso del Congreso del Estado con la transparencia y la rendici\u00f3n de cuentas, y fortalece la relaci\u00f3n entre la ciudadan\u00eda y sus representantes.<\/p>\n\n\n\n<p>NUEVO VUELO TAMPICO-DALLAS<br \/>Tamaulipas cuenta con un nuevo vuelo comercial siendo este el de Tampico-Dallas, que inici\u00f3 operaciones este jueves, y mediante el cual se busca impulsar el turismo, la inversi\u00f3n y el desarrollo econ\u00f3mico de la zona conurbada del sur del estado. Dicho vuelo fue conseguido gracias al trabajo del Gobierno del Estado de Tamaulipas que encabeza Am\u00e9rico Villarreal Anaya, y lo llevar\u00e1 a cabo la empresa American Airlines a trav\u00e9s de una aeronave Embraer E70 con capacidad para 65 pasajeros (12 en Business Class, 53 en Clase Turista) y que tendr\u00e1 diariamente horarios de salida de Tampico a Dallas a las 13:04 horas para llegar a las 15:10 horas, y de Dallas a Tampico a las 09:59 horas, para llegar a las 12:04 horas. Sea pues.<\/p>\n\n\n\n<p>LAS FALLAS TONTAS DEL INFONAVIT<br \/>Ya tiene d\u00edas que el Portal Empresarial del Infonavit no permite generar la constancia de cumplimiento de los patrones, algo que les afecta mucho a estos, pues requieren de dicho documento para efectuar diversos tr\u00e1mites. No se entiende como en el Infonavit juran y perjuran que han mejorado mucho el servicio, cuando simple y sencillamente en el portal no se puede sacar un mendigo documento. Todo lo que presumen hacer se va simplemente a la basura por una falla tan tonta.<\/p>\n\n\n\n<p>CELEBRAR\u00c1N JORNADA CULTURAL DE PREVENCI\u00d3N Y AUXILIO<br \/>Para este viernes se ha programado la celebraci\u00f3n de la \u201cJornada Cultural de Prevenci\u00f3n y Auxilio\u201d, esto por parte del Centro Regional de Desarrollo Educativo (CREDE) que dirige el profesor C\u00e9sar Bola\u00f1os Hern\u00e1ndez. Dicho evento se llevar\u00e1 a efecto en las instalaciones de la Escuela Secundaria General N\u00famero 1 \u201cProf. Juvenal Boone Flores\u201d, y el objetivo de este es promover la cultura de la seguridad escolar y la prevenci\u00f3n de conductas antisociales en las escuelas de educaci\u00f3n b\u00e1sica a trav\u00e9s de pl\u00e1ticas de orientaci\u00f3n por parte de las instituciones municipales y gubernamentales. En el evento tomar\u00e1n parte elementos de la Guardia Estatal de G\u00e9nero, Tr\u00e1nsito Municipal, Protecci\u00f3n Civil, DIF y la Jurisdicci\u00f3n Sanitaria, que ofrecer\u00e1n diversas pl\u00e1ticas en la materia a los alumnos de dicha secundaria. El evento inicia a las ocho y media de la ma\u00f1ana.<\/p>\n\n\n\n<p>VISITAN ALUMNAS DE LA UAT EL CONGRESO DEL ESTADO<br \/>Un grupo de alumnas de la Universidad Aut\u00f3noma de Tamaulipas (UAT) visit\u00f3 las instalaciones del Congreso del Estado de Tamaulipas esto como parte de las actividades programadas por la m\u00e1xima casa de estudios en la denominada Agenda 8M \u201cMujeres que Inspiran\u201d. Durante el recorrido las alumnas tuvieron la oportunidad de conocer sobre la importante de la representaci\u00f3n femenina en el \u00e1rea legislativa, y el compromiso que hay justamente de las diputadas con la equidad de g\u00e9nero y la participaci\u00f3n ciudadana. En el acto las universitarias estuvieron acompa\u00f1adas de la diputada local Lucero Deosdady Mart\u00ednez L\u00f3pez, quien les sirvi\u00f3 de gu\u00eda y les dio a conocer las acciones en pro de las mujeres que se han estado llevando a cabo en la presente legislatura, y que son muchas, as\u00ed como tambi\u00e9n les acompa\u00f1\u00f3 la titular del Instituto de la Mujer Universitaria, Alejandra Vela Ba\u00f1uelos.<\/p>\n\n\n\n<p>LO \u00daLTIMO<br \/>Basta con que la alcaldesa Carmen Lilia Canturosas Villarreal no est\u00e9 en la ciudad, para que la gran mayor\u00eda de los regidores no acudan a sus cub\u00edculos a atender a la gente. Est\u00e1n fallando mucho en este sentido, y de nada vale que digan que andan en territorio, porque all\u00e1 nadie los ve, y en cambio en sus cub\u00edculos si nos damos cuenta cuando nadan o no andan. As\u00ed de simple\u2026 Es cuesti\u00f3n de d\u00edas, incluso de horas, para que la diputada local, Ana Laura Huerta Valdovinos, decida dejar la bancada del Partido Verde Ecologista de M\u00e9xico (PVEM) y sumarse a la bancada del Movimiento de Regeneraci\u00f3n Nacional (MORENA), tal y como ya lo hicieron sus compa\u00f1eras Blanca Anzald\u00faa N\u00e1jera, Katalyna M\u00e9ndez Cepeda y Silvia Ch\u00e1vez Garay. Con ello el PVEM se quedar\u00e1 sin legisladores en el congreso local, y por ende sin fracci\u00f3n parlamentaria\u2026 El DIF de Tamaulipas inici\u00f3 la primera entrega de canastas alimentarias del a\u00f1o, con lo cual se beneficiar\u00e1 a 66 mil 507 personas en todo el estado. Dicha entrega se mantendr\u00e1 hasta el 17 de marzo, y es la primera de cuatro que se efectuar\u00e1n a lo largo de este a\u00f1o 2025\u2026 S\u00e1bado y domingo van a estar bien locos los d\u00edas, porque vamos a amanecer con alrededor de 10 grados cent\u00edgrados, pero luego vamos a subir a cerca de los 30 grados. \u00a1Que locura!\u2026 Si hay algo que no falta de momento en los refrigeradores es el tomate, gracias a que est\u00e1 a 7 pesos el kilo. Es m\u00e1s, la canasta de frutas est\u00e1 repleta de tomate, que cebolla, ni chile, ni que nada, \u00a1puro tomate! Jejejeje.<\/p>\n","protected":false},"excerpt":{"rendered":"<p>Incrementar la plantilla laboral en los tres puentes internacionales, pero muy primordialmente en el del Comercio Mundial (puente 3), a fin de mejorar la operaci\u00f3n aduanera de importaci\u00f3n y exportaci\u00f3n, &hellip; <a href=\"http:\/\/revistalaneta.com.mx\/?p=15598\" class=\"more-link\">Leer m\u00e1s<\/a><\/p>\n","protected":false},"author":1,"featured_media":15597,"comment_status":"open","ping_status":"open","sticky":false,"template":"","format":"standard","meta":{"footnotes":""},"categories":[2],"tags":[],"class_list":["post-15598","post","type-post","status-publish","format-standard","has-post-thumbnail","hentry","category-chismorreo","entry"],"_links":{"self":[{"href":"http:\/\/revistalaneta.com.mx\/index.php?rest_route=\/wp\/v2\/posts\/15598","targetHints":{"allow":["GET"]}}],"collection":[{"href":"http:\/\/revistalaneta.com.mx\/index.php?rest_route=\/wp\/v2\/posts"}],"about":[{"href":"http:\/\/revistalaneta.com.mx\/index.php?rest_route=\/wp\/v2\/types\/post"}],"author":[{"embeddable":true,"href":"http:\/\/revistalaneta.com.mx\/index.php?rest_route=\/wp\/v2\/users\/1"}],"replies":[{"embeddable":true,"href":"http:\/\/revistalaneta.com.mx\/index.php?rest_route=%2Fwp%2Fv2%2Fcomments&post=15598"}],"version-history":[{"count":1,"href":"http:\/\/revistalaneta.com.mx\/index.php?rest_route=\/wp\/v2\/posts\/15598\/revisions"}],"predecessor-version":[{"id":15599,"href":"http:\/\/revistalaneta.com.mx\/index.php?rest_route=\/wp\/v2\/posts\/15598\/revisions\/15599"}],"wp:featuredmedia":[{"embeddable":true,"href":"http:\/\/revistalaneta.com.mx\/index.php?rest_route=\/wp\/v2\/media\/15597"}],"wp:attachment":[{"href":"http:\/\/revistalaneta.com.mx\/index.php?rest_route=%2Fwp%2Fv2%2Fmedia&parent=15598"}],"wp:term":[{"taxonomy":"category","embeddable":true,"href":"http:\/\/revistalaneta.com.mx\/index.php?rest_route=%2Fwp%2Fv2%2Fcategories&post=15598"},{"taxonomy":"post_tag","embeddable":true,"href":"http:\/\/revistalaneta.com.mx\/index.php?rest_route=%2Fwp%2Fv2%2Ftags&post=15598"}],"curies":[{"name":"wp","href":"https:\/\/api.w.org\/{rel}","templated":true}]}}