{"id":176,"date":"2022-08-14T18:54:24","date_gmt":"2022-08-14T18:54:24","guid":{"rendered":"http:\/\/revistalaneta.com.mx.previewc75.carrierzone.com\/?p=176"},"modified":"2022-08-14T18:55:21","modified_gmt":"2022-08-14T18:55:21","slug":"valida-el-tribunal-triunfo-de-americo-villarreal-desecha-impugnacion-del-pan","status":"publish","type":"post","link":"http:\/\/revistalaneta.com.mx\/?p=176","title":{"rendered":"Valida el Tribunal triunfo de Am\u00e9rico Villarreal; desecha impugnaci\u00f3n del PAN"},"content":{"rendered":"\n<p><\/p>\n\n\n\n<p>Por mayor\u00eda de votos, el Tribunal Electoral de Tamaulipas declar\u00f3 v\u00e1lida la elecci\u00f3n del doctor Am\u00e9rico Villarreal Anaya, como gobernador de Tamaulipas para el periodo 2022-2028.<\/p>\n\n\n\n<p>Con esta resoluci\u00f3n de los magistrados y magistradas, se desecha la impugnaci\u00f3n interpuesta por el PAN y ratifica el voto de los tamaulipecos del 5 de junio, la constancia de mayor\u00eda emitida por el INE y expedici\u00f3n del Bando Solemne del Congreso del Estado.La resoluci\u00f3n cont\u00f3 con el voto a favor de los Magistrados Edgar Iv\u00e1n Arroyo, Ren\u00e9 Osiris S\u00e1nchez y de la Magistrada Gloria Reyna Hagelsieb, mientras que la Magistrada Blanca Heladia Hern\u00e1ndez expuso un voto particular discrepante al proyecto resolutivo.<\/p>\n\n\n\n<p>La resoluci\u00f3n cont\u00f3 con el voto a favor de los Magistrados Edgar Iv\u00e1n Arroyo, Ren\u00e9 Osiris S\u00e1nchez y de la Magistrada Gloria Reyna Hagelsieb, mientras que la Magistrada Blanca Heladia Hern\u00e1ndez expuso un voto particular discrepante al proyecto resolutivo.<\/p>\n\n\n\n<p>Villarreal Anaya, gan\u00f3 con m\u00e1s de 731 mil votos de los tamaulipecos la elecci\u00f3n del domingo 5 de junio, y ahora este s\u00e1bado lo ratifica el Tribunal Estatal Electoral.<\/p>\n\n\n\n<p>Edgar Dan\u00e9s, ponente del proyecto de resoluci\u00f3n, respondi\u00f3 al reclamo del PAN:<br \/>\u201cNo se puede anular una elecci\u00f3n porque ser\u00eda destruir la voluntad soberana del pueblo expresada en las urnas\u201d.<\/p>\n\n\n\n<p>\u201cSe declaran infundados por inoperantes e ineficaces los agravios presentados por el PAN y su medio de impugnaci\u00f3n y se confirma en todas sus partes el acuerdo firmado\u201d, determin\u00f3 el resolutivo, identificado con la clave TE-RIN 32\/2022.<\/p>\n\n\n\n<p>\u201cEl PAN pidi\u00f3 la anulaci\u00f3n de la elecci\u00f3n, pero no solicit\u00f3 que se celebre otra\u201d, expres\u00f3 sorprendido el Magistrado Edgar Dan\u00e9s quien en una prolongada defensa de su proyecto de resoluci\u00f3n expuso que Acci\u00f3n Nacional no acredit\u00f3 pruebas convincentes, objetivas o materiales.<\/p>\n\n\n\n<p>\u201cLa Sala Superior ha dicho que son pruebas t\u00e9cnicas que carecen de validez probatorio\u201d, argument\u00f3.<\/p>\n\n\n\n<p>Respecto a la supuesta violencia generalizada argumentada por el PAN, Dan\u00e9s Rojas asegur\u00f3 que no hay un solo reporte de ninguna dependencia estatal o federal que se\u00f1ale actos graves o violentos en la jornada electoral.<\/p>\n\n\n\n<p>\u201cEl propio gobernador Cabeza de Vaca dijo el d\u00eda de la elecci\u00f3n que hab\u00eda sido una jornada con normalidad\u201d.<\/p>\n\n\n\n<p>\u201cAnular una elecci\u00f3n es decirle al pueblo que su opini\u00f3n no cont\u00f3 el d\u00eda de la elecci\u00f3n\u201d, precis\u00f3.<\/p>\n\n\n\n<p>Por su parte, el Magistrado Edgar Iv\u00e1n Arroyo expuso que la supuesta intervenci\u00f3n de un grupo armado en varios municipios no est\u00e1 acreditada, \u201cno est\u00e1 probado en el expediente\u201d, dijo.<\/p>\n\n\n\n<p>El pr\u00f3ximo lunes, el gobernador electo Am\u00e9rico Villarreal Anaya, anunciar\u00e1 la Comisi\u00f3n de Transici\u00f3n que recibir\u00e1 la administraci\u00f3n saliente y se iniciar\u00e1n los preparativos para la toma de protesta el 1 de octubre.<\/p>\n","protected":false},"excerpt":{"rendered":"<p>Por mayor\u00eda de votos, el Tribunal Electoral de Tamaulipas declar\u00f3 v\u00e1lida la elecci\u00f3n del doctor Am\u00e9rico Villarreal Anaya, como gobernador de Tamaulipas para el periodo 2022-2028. Con esta resoluci\u00f3n de &hellip; <a href=\"http:\/\/revistalaneta.com.mx\/?p=176\" class=\"more-link\">Leer m\u00e1s<\/a><\/p>\n","protected":false},"author":1,"featured_media":175,"comment_status":"open","ping_status":"open","sticky":false,"template":"","format":"standard","meta":{"footnotes":""},"categories":[7,8],"tags":[],"class_list":["post-176","post","type-post","status-publish","format-standard","has-post-thumbnail","hentry","category-ciudad-victoria","category-tamaulipas-sur","entry"],"_links":{"self":[{"href":"http:\/\/revistalaneta.com.mx\/index.php?rest_route=\/wp\/v2\/posts\/176","targetHints":{"allow":["GET"]}}],"collection":[{"href":"http:\/\/revistalaneta.com.mx\/index.php?rest_route=\/wp\/v2\/posts"}],"about":[{"href":"http:\/\/revistalaneta.com.mx\/index.php?rest_route=\/wp\/v2\/types\/post"}],"author":[{"embeddable":true,"href":"http:\/\/revistalaneta.com.mx\/index.php?rest_route=\/wp\/v2\/users\/1"}],"replies":[{"embeddable":true,"href":"http:\/\/revistalaneta.com.mx\/index.php?rest_route=%2Fwp%2Fv2%2Fcomments&post=176"}],"version-history":[{"count":1,"href":"http:\/\/revistalaneta.com.mx\/index.php?rest_route=\/wp\/v2\/posts\/176\/revisions"}],"predecessor-version":[{"id":177,"href":"http:\/\/revistalaneta.com.mx\/index.php?rest_route=\/wp\/v2\/posts\/176\/revisions\/177"}],"wp:featuredmedia":[{"embeddable":true,"href":"http:\/\/revistalaneta.com.mx\/index.php?rest_route=\/wp\/v2\/media\/175"}],"wp:attachment":[{"href":"http:\/\/revistalaneta.com.mx\/index.php?rest_route=%2Fwp%2Fv2%2Fmedia&parent=176"}],"wp:term":[{"taxonomy":"category","embeddable":true,"href":"http:\/\/revistalaneta.com.mx\/index.php?rest_route=%2Fwp%2Fv2%2Fcategories&post=176"},{"taxonomy":"post_tag","embeddable":true,"href":"http:\/\/revistalaneta.com.mx\/index.php?rest_route=%2Fwp%2Fv2%2Ftags&post=176"}],"curies":[{"name":"wp","href":"https:\/\/api.w.org\/{rel}","templated":true}]}}