{"id":189,"date":"2022-08-15T16:02:07","date_gmt":"2022-08-15T16:02:07","guid":{"rendered":"http:\/\/revistalaneta.com.mx\/?p=189"},"modified":"2022-08-15T16:02:52","modified_gmt":"2022-08-15T16:02:52","slug":"sin-novedad-el-trieltam-confirma-triunfo-de-americo","status":"publish","type":"post","link":"http:\/\/revistalaneta.com.mx\/?p=189","title":{"rendered":"SIN NOVEDAD: EL TRIELTAM CONFIRMA TRIUNFO DE AM\u00c9RICO"},"content":{"rendered":"\n<p>Tal y como se esperaba, el Tribunal Electoral de Tamaulipas (TRIELTAM), desech\u00f3 la impugnaci\u00f3n presentada por el Partido Acci\u00f3n Nacional (PAN) para anular las elecciones del pasado 5 de junio, esto durante la sesi\u00f3n celebrada el pasado s\u00e1bado. Correspondi\u00f3 al magistrado de origen neolaredense, Edgar Dan\u00e9s Rojas, presentar el proyecto de resoluci\u00f3n en el cual se dej\u00f3 en claro que no se puede anular una elecci\u00f3n porque ser\u00eda destruir la voluntad soberana del pueblo expresada en las urnas. Tal resolutivo cont\u00f3 con el respaldo de los magistrados Ren\u00e9 Osiris S\u00e1nchez Rivas, Edgar Iv\u00e1n Arroyo Villarreal y Gloria Reyna Hagelsieb. Solo la magistrada presidenta, Blanca Heladia Hern\u00e1ndez Rojas, emiti\u00f3 un voto discrepante a tal resoluci\u00f3n.<br>\u00a0<br>A\u00daN PUEDE HABER IMPUGNACIONES<br>De esta manera se confirma por parte del TRIELTAM el triunfo del doctor Am\u00e9rico Villarreal Anaya en el pasado proceso electoral, aunque cabe manifestar que lo m\u00e1s seguro es que en el Partido Acci\u00f3n Nacional (PAN) vayan a insistir en la impugnaci\u00f3n ante las siguientes instancias, como lo son la sala regional del Tribunal Electoral del Poder Judicial de la Federaci\u00f3n y la sala superior del mismo referido tribunal, ya que de hecho as\u00ed lo dej\u00f3 entrever la semana pasada en conferencia de prensa el candidato perdedor. C\u00e9sar Verastegui Ostos. En este tenor se tiene hasta el 30 de septiembre para emitir un resolutivo definitivo, pues a partir del primero de octubre se realizar\u00e1 el cambio de poderes en el gobierno del estado.<br>\u00a0<br>PRESENTAR\u00c1 AVA EQUIPO DE TRANSICI\u00d3N<br>Tras el esperado fallo del TRIELTAM, hacia el interior del equipo del gobernador electo, Am\u00e9rico Villarreal Anaya, se anunci\u00f3 que este pr\u00f3ximo lunes el mencionado habr\u00e1 de dar a conocer los nombres de quienes conformar\u00e1n la Comisi\u00f3n de Transici\u00f3n que habr\u00e1 de recibir todo lo concerniente al pr\u00f3ximo gobierno, y a la vez iniciar\u00e1 los preparativos para la toma de protesta el 1 de octubre. Y es que a decir verdad aun cuando el PAN presente impugnaciones ante la sala regional y la sala superior del Tribunal Electoral del Poder Judicial de la Federaci\u00f3n, lo m\u00e1s seguro es que estas no fructifiquen y se siga ratificando el triunfo de Am\u00e9rico Villarreal Anaya, de ah\u00ed que ya se inicien de lleno los preparativos para su asunci\u00f3n.<\/p>\n\n\n\n<p>\u00bfIR\u00c1N LOS DIPUTADOS PANISTAS A TOMA DE PROTESTA?<br \/>Ante la posibilidad de que los diputados locales panistas no acudan a la toma de posesi\u00f3n de Am\u00e9rico Villarreal Anaya, el coordinador de la bancada panista, F\u00e9lix \u201cEl Moyo\u201d Garc\u00eda Aguiar, calific\u00f3 eso como muy aventurado, y dijo que los legisladores del blanquiazul siempre han sido muy respetuosos con los gobernantes, aunque a la vez reconoci\u00f3 que es un escenario que no tienen previsto, y agreg\u00f3 que estar\u00e1n a la espera de la resoluci\u00f3n final de las impugnaciones, esto en clara se\u00f1al de que las inconformidades van a continuar ante las siguientes instancias electorales. Bueno, mucho se habla que los diputados panistas no planean ir a la toma de protesta, para no exponerse al vituperio de sus opositores, que obviamente van a ser m\u00e1s en ese evento, pero definitivamente \u201cEl Moyo\u201d s\u00ed tiene la obligaci\u00f3n de ir, en su calidad de presidente de la Junta de Coordinaci\u00f3n Pol\u00edtica del Congreso del Estado.<br \/>&nbsp;<br \/>SUSPENDEN OTRA VEZ CONGRESOS ESTATALES DE MORENA<br \/>Nuevamente quedaron suspendidos los Congresos Estatales del Movimiento de Regeneraci\u00f3n Nacional (MORENA) que estaban programados para el pasado s\u00e1bado 13 de agosto. La suspensi\u00f3n fue por parte de la Comisi\u00f3n Nacional de Elecciones del Comit\u00e9 Ejecutivo Nacional de MORENA, bajo el argumento que no se hab\u00eda cumplido con la publicaci\u00f3n de los resultados oficiales de las asambleas distritales, lo cual debe ser dos d\u00edas antes de la celebraci\u00f3n de los referidos congresos, por lo que ahora la CNE har\u00e1 las publicaciones correspondientes, y m\u00e1s adelante dar\u00e1 a conocer la fecha en que se realizar\u00e1n tales congresos, que ahora s\u00ed se espera sea la definitiva, pues ya van dos veces que se suspende, ya que primero se hab\u00eda dicho que ser\u00edan el 6 de agosto, y luego que el 13, y en ninguna de las dos fechas se ha realizado, por lo que ya est\u00e1n como el cuento de Pepito y El Lobo.<br \/>&nbsp;<br \/>OTRA ALZA EN LOS REFRESCOS<br \/>Se viene una nueva alza en los precios de los refrescos, que ser\u00e1 de casi un 10 por ciento, lo que representa que los variados productos subir\u00e1n entre 1 y hasta 3 pesos, dependiendo la presentaci\u00f3n. Y todo como consecuencia de la crisis del agua. Y ser\u00e1 pr\u00e1cticamente en todas las marcas. Lo bueno de esto es que tal vez dicha situaci\u00f3n motive a muchos a ya dejar el refresco, que tanto da\u00f1o nos hace, y mejor optemos por tomar agua, que aunque tambi\u00e9n est\u00e1 cara, al menos podemos satisfacernos con el agua de garraf\u00f3n, o incluso hasta de la llave, total, todo a fin de economizar en medio de tan grave crisis.<br \/>&nbsp;<br \/>EL 911, UN VIL CERO A LA IZQUIERDA<br \/>En Nuevo Laredo llamar al 911 para reportar una situaci\u00f3n de emergencia, y no hacerlo, viene siendo casi lo mismo. Y es que es queja com\u00fan de la ciudadan\u00eda el hecho de que en el 911 nunca atienden los llamados. Necesita uno reportar una situaci\u00f3n muy grave, para que le puedan hacer caso, porque si habla uno para reportar que lo est\u00e1n asaltando o se est\u00e1n metiendo a robar a su casa, o hay un tipo agresivo en tal o cual lugar, le cuelgan, les importa un bledo atender esas llamadas, aun cuando para la gente sean emergencias. Por eso estamos como estamos en seguridad, porque los encargados de brindarla, tiran a le\u00f3n a la gente que se queja de lo que le afecta. En resumen, el 911 en Nuevo Laredo, es un vil cero a la izquierda.<\/p>\n\n\n\n<p>LO \u00daLTIMO<br \/>Muchas felicidades al profesor Arnulfo Rodr\u00edguez Trevi\u00f1o, quien este lunes est\u00e1 cumpliendo un a\u00f1o m\u00e1s de vida, al igual que el amigo y compa\u00f1ero periodista Pedro Edmundo Zapata Molina De la Vega y al tambi\u00e9n amigo Isai Uresti. \u00a1Muchos m\u00e1s d\u00edas de estos para ellos!\u2026 Con \u00e9xito se llev\u00f3 a cabo el Bazar Haciendo Comunidad \u201cBack To School\u201d que llev\u00f3 a cabo el Gobierno Municipal de Nuevo Laredo el pasado s\u00e1bado en el interior del Polyforum La Fe, y donde se ofrecieron variados art\u00edculos escolares a bajo precio a los asistentes\u2026 En los anales de la historia moderna de Nuevo Laredo (vamos a decir unos 30 a\u00f1os para ac\u00e1) no se tienen registros de haya habido lluvias en el mes de agosto, y menos en la primera quincena de dicho per\u00edodo, y sobre todo estando en can\u00edcula. Y adem\u00e1s que hayan sido ya tres d\u00edas de lluvia. Y claro que estamos contentos, pues requer\u00edamos de la lluvia.<\/p>\n","protected":false},"excerpt":{"rendered":"<p>Tal y como se esperaba, el Tribunal Electoral de Tamaulipas (TRIELTAM), desech\u00f3 la impugnaci\u00f3n presentada por el Partido Acci\u00f3n Nacional (PAN) para anular las elecciones del pasado 5 de junio, &hellip; <a href=\"http:\/\/revistalaneta.com.mx\/?p=189\" class=\"more-link\">Leer m\u00e1s<\/a><\/p>\n","protected":false},"author":1,"featured_media":188,"comment_status":"open","ping_status":"open","sticky":false,"template":"","format":"standard","meta":{"footnotes":""},"categories":[2],"tags":[],"class_list":["post-189","post","type-post","status-publish","format-standard","has-post-thumbnail","hentry","category-chismorreo","entry"],"_links":{"self":[{"href":"http:\/\/revistalaneta.com.mx\/index.php?rest_route=\/wp\/v2\/posts\/189","targetHints":{"allow":["GET"]}}],"collection":[{"href":"http:\/\/revistalaneta.com.mx\/index.php?rest_route=\/wp\/v2\/posts"}],"about":[{"href":"http:\/\/revistalaneta.com.mx\/index.php?rest_route=\/wp\/v2\/types\/post"}],"author":[{"embeddable":true,"href":"http:\/\/revistalaneta.com.mx\/index.php?rest_route=\/wp\/v2\/users\/1"}],"replies":[{"embeddable":true,"href":"http:\/\/revistalaneta.com.mx\/index.php?rest_route=%2Fwp%2Fv2%2Fcomments&post=189"}],"version-history":[{"count":1,"href":"http:\/\/revistalaneta.com.mx\/index.php?rest_route=\/wp\/v2\/posts\/189\/revisions"}],"predecessor-version":[{"id":190,"href":"http:\/\/revistalaneta.com.mx\/index.php?rest_route=\/wp\/v2\/posts\/189\/revisions\/190"}],"wp:featuredmedia":[{"embeddable":true,"href":"http:\/\/revistalaneta.com.mx\/index.php?rest_route=\/wp\/v2\/media\/188"}],"wp:attachment":[{"href":"http:\/\/revistalaneta.com.mx\/index.php?rest_route=%2Fwp%2Fv2%2Fmedia&parent=189"}],"wp:term":[{"taxonomy":"category","embeddable":true,"href":"http:\/\/revistalaneta.com.mx\/index.php?rest_route=%2Fwp%2Fv2%2Fcategories&post=189"},{"taxonomy":"post_tag","embeddable":true,"href":"http:\/\/revistalaneta.com.mx\/index.php?rest_route=%2Fwp%2Fv2%2Ftags&post=189"}],"curies":[{"name":"wp","href":"https:\/\/api.w.org\/{rel}","templated":true}]}}