{"id":192,"date":"2022-08-15T22:01:01","date_gmt":"2022-08-15T22:01:01","guid":{"rendered":"http:\/\/revistalaneta.com.mx\/?p=192"},"modified":"2022-08-15T22:01:39","modified_gmt":"2022-08-15T22:01:39","slug":"presenta-americo-equipo-de-transicion-son-gente-honesta-y-capaz","status":"publish","type":"post","link":"http:\/\/revistalaneta.com.mx\/?p=192","title":{"rendered":"Presenta Am\u00e9rico equipo de transici\u00f3n; \u201cson gente honesta y capaz\u201d"},"content":{"rendered":"\n<p>Cd. Victoria, Tamps.- El gobernador electo de Tamaulipas, doctor Am\u00e9rico Villarreal Anaya present\u00f3 al Comit\u00e9 de Enlace que lo acompa\u00f1ar\u00e1 en el proceso de entrega-recepci\u00f3n de la administraci\u00f3n estatal, el cual dijo est\u00e1 integrado por gente honesta, capaz y que comparten un profundo amor a Tamaulipas.<\/p>\n\n\n\n<p>\u201cCada una de ellas, cada uno de ellos cuenta con el perfil necesario para cumplir la responsabilidad, son gente honesta, con formaci\u00f3n profesional en distintas \u00e1reas y capacidad t\u00e9cnica probada. Se trata de gente capaz, que suscribe nuestro ideal de servicio, que cree en el extraordinario potencial de nuestra entidad y en la capacidad que tenemos las y los tamaulipecos para transformar nuestra realidad\u201d, expres\u00f3.<\/p>\n\n\n\n<p>Este lunes por la ma\u00f1ana, el doctor Am\u00e9rico Villarreal inform\u00f3 que para complementar los grupos y comisiones de la transici\u00f3n ha convocado tambi\u00e9n la participaci\u00f3n de diputados locales y federales, a profesionales que tengan disposici\u00f3n e inter\u00e9s, y a colegios y asociaciones civiles para que sean observadores y testigos ciudadanos de c\u00f3mo se recibe la administraci\u00f3n que termina.<\/p>\n\n\n\n<p>Acompa\u00f1ado por su esposa, la doctora Mar\u00eda Santiago de Villarreal, Am\u00e9rico Villarreal Santiago, as\u00ed como por legisladores federales y locales, alcaldes y representantes de organizaciones civiles y empresariales, el doctor Am\u00e9rico Villarreal indic\u00f3 que, envi\u00f3 al ejecutivo estatal un oficio, para informar la designaci\u00f3n de los integrantes del Comit\u00e9 de Enlace, encabezado por el Dr. Jes\u00fas Lav\u00edn.<\/p>\n\n\n\n<p>\u201cEl primero de octubre pr\u00f3ximo iniciar\u00e1 funciones el gobierno de la transformaci\u00f3n, por el que las y los tamaulipecos votaron el pasado 5 de junio\u201d, asegur\u00f3.<\/p>\n\n\n\n<p>El gobernador electo lament\u00f3 que de parte del actual gobernador y su c\u00edrculo cercano de colaboradores solo han encontrado una actitud sin di\u00e1logo y sin interlocuci\u00f3n mientras contin\u00faan sus voceros descalificando el resultado utilizando la misma narrativa de calumnias de la campa\u00f1a con ataques y difamaciones.<\/p>\n\n\n\n<p>\u201cEn lugar de colaboraci\u00f3n, han intentado colocar toda clase de obst\u00e1culos para la buena marcha de la pr\u00f3xima administraci\u00f3n y para que la transici\u00f3n sea realmente eficiente, cordial y responsable. Ya no esperamos civilidad pol\u00edtica y para conducir este proceso de entrega recepci\u00f3n, habremos de apegarnos a las bases que marca la legislaci\u00f3n vigente. Para lo cual, estamos preparado, estamos listos\u201d, dijo.<\/p>\n\n\n\n<p>\u201cNo han entendido que el pueblo de Tamaulipas decidi\u00f3 rechazando de manera mayoritaria la continuidad\u201d, indic\u00f3.<\/p>\n\n\n\n<p>\u201cQue nadie se olvide, que, en toda organizaci\u00f3n gubernamental, los responsables cambian y su reemplazo lo contempla y determinan las leyes. Pero las tareas, las responsabilidades jur\u00eddicas, la obligaci\u00f3n de proteger y garantizar derechos, de brindar servicios permanecen\u201d, puntualiz\u00f3.<\/p>\n\n\n\n<p>El doctor Am\u00e9rico Villarreal dej\u00f3 en claro que estar\u00e1 al tanto de los resultados de an\u00e1lisis y auditor\u00edas que arrojen irregularidades o quebranto al patrimonio de las y los tamaulipecos.<\/p>\n\n\n\n<p>Advirti\u00f3 el excesivo endeudamiento y el crecimiento desmedido de pasivos del Gobierno del Estado y expuso que en seis a\u00f1os la deuda p\u00fablica directa creci\u00f3 en 33 por ciento y hoy es superior a los 15 mil millones de pesos.<\/p>\n\n\n\n<p>Agreg\u00f3 que pondr\u00e1n especial cuidado y atenci\u00f3n a todo contrato que se haya celebrado con instituciones financieras y a los contratos de obra o servicios subrogados, cuya vigencia comprometan recursos de la pr\u00f3xima administraci\u00f3n, as\u00ed como tambi\u00e9n en el inventario de bienes, recursos, en los programas y equipamiento de las \u00e1reas con mayores se\u00f1alamientos y en los movimientos de cuentas bancarias y sus estados financieros.<\/p>\n\n\n\n<p>\u201cPondremos especial cuidado para valorar el destino dado al presupuesto 2022, de manera que se pueda concluir adecuadamente el presente ejercicio\u201d, indic\u00f3.<br \/>Antes de finalizar su mensaje, record\u00f3 que desde que obtuvo la condici\u00f3n de gobernador electo ha trabajado intensamente y se han tomado las primeras decisiones program\u00e1ticas, adem\u00e1s de establecer contactos con funcionarios del gobierno federal para realizar las gestiones de proyectos y concretar acciones y programas.<\/p>\n\n\n\n<p>\u201cQueremos que llegue tambi\u00e9n a Tamaulipas un gobierno humanista que reivindica valores como la solidaridad, la justicia, la fraternidad y el amor al pr\u00f3jimo y que asuma la principal bandera del presidente Andr\u00e9s Manuel L\u00f3pez Obrador, que propone que: \u201cpor el bien de todos, primero los pobres.<\/p>\n\n\n\n<p>Esa es la transici\u00f3n que hoy arranca aqu\u00ed y el esp\u00edritu con el que vamos a emprender el proceso de entrega recepci\u00f3n que habr\u00e1 de materializarse el pr\u00f3ximo primero de octubre\u201d.<\/p>\n","protected":false},"excerpt":{"rendered":"<p>Cd. Victoria, Tamps.- El gobernador electo de Tamaulipas, doctor Am\u00e9rico Villarreal Anaya present\u00f3 al Comit\u00e9 de Enlace que lo acompa\u00f1ar\u00e1 en el proceso de entrega-recepci\u00f3n de la administraci\u00f3n estatal, el &hellip; <a href=\"http:\/\/revistalaneta.com.mx\/?p=192\" class=\"more-link\">Leer m\u00e1s<\/a><\/p>\n","protected":false},"author":1,"featured_media":191,"comment_status":"open","ping_status":"open","sticky":false,"template":"","format":"standard","meta":{"footnotes":""},"categories":[7,8],"tags":[],"class_list":["post-192","post","type-post","status-publish","format-standard","has-post-thumbnail","hentry","category-ciudad-victoria","category-tamaulipas-sur","entry"],"_links":{"self":[{"href":"http:\/\/revistalaneta.com.mx\/index.php?rest_route=\/wp\/v2\/posts\/192","targetHints":{"allow":["GET"]}}],"collection":[{"href":"http:\/\/revistalaneta.com.mx\/index.php?rest_route=\/wp\/v2\/posts"}],"about":[{"href":"http:\/\/revistalaneta.com.mx\/index.php?rest_route=\/wp\/v2\/types\/post"}],"author":[{"embeddable":true,"href":"http:\/\/revistalaneta.com.mx\/index.php?rest_route=\/wp\/v2\/users\/1"}],"replies":[{"embeddable":true,"href":"http:\/\/revistalaneta.com.mx\/index.php?rest_route=%2Fwp%2Fv2%2Fcomments&post=192"}],"version-history":[{"count":1,"href":"http:\/\/revistalaneta.com.mx\/index.php?rest_route=\/wp\/v2\/posts\/192\/revisions"}],"predecessor-version":[{"id":193,"href":"http:\/\/revistalaneta.com.mx\/index.php?rest_route=\/wp\/v2\/posts\/192\/revisions\/193"}],"wp:featuredmedia":[{"embeddable":true,"href":"http:\/\/revistalaneta.com.mx\/index.php?rest_route=\/wp\/v2\/media\/191"}],"wp:attachment":[{"href":"http:\/\/revistalaneta.com.mx\/index.php?rest_route=%2Fwp%2Fv2%2Fmedia&parent=192"}],"wp:term":[{"taxonomy":"category","embeddable":true,"href":"http:\/\/revistalaneta.com.mx\/index.php?rest_route=%2Fwp%2Fv2%2Fcategories&post=192"},{"taxonomy":"post_tag","embeddable":true,"href":"http:\/\/revistalaneta.com.mx\/index.php?rest_route=%2Fwp%2Fv2%2Ftags&post=192"}],"curies":[{"name":"wp","href":"https:\/\/api.w.org\/{rel}","templated":true}]}}