{"id":195,"date":"2022-08-15T22:15:56","date_gmt":"2022-08-15T22:15:56","guid":{"rendered":"http:\/\/revistalaneta.com.mx\/?p=195"},"modified":"2022-08-15T22:16:29","modified_gmt":"2022-08-15T22:16:29","slug":"se-unen-negocios-locales-en-apoyo-al-regreso-a-clases","status":"publish","type":"post","link":"http:\/\/revistalaneta.com.mx\/?p=195","title":{"rendered":"Se unen negocios locales en apoyo al regreso a clases"},"content":{"rendered":"\n<p><\/p>\n\n\n\n<p>Nuevo Laredo, Tamps.- Con la finalidad de apoyar la econom\u00eda familiar, e impulsar los negocios locales, el Gobierno Municipal y la C\u00e1mara Nacional de Comercio (CANACO) realizar\u00e1n \u201cExpo Regreso a\u00a0 Clases 2022\u201d.\u00a0<\/p>\n\n\n\n<p>Este evento tendr\u00e1 lugar el pr\u00f3ximo 24 de agosto en horario de las 10:00 de la ma\u00f1ana a las 5:00 de la tarde en el Centro&nbsp; C\u00edvico Carlos Cant\u00fa Rosas, ubicado en H\u00e9roe de Nacataz y Reynosa.<\/p>\n\n\n\n<p>Se contar\u00e1 con la participaci\u00f3n de m\u00e1s de 40 negocios entre papeler\u00edas, mercer\u00edas \u00f3pticas, est\u00e9ticas,\u00a0 as\u00ed como tambi\u00e9n empresas dedicadas a la venta de\u00a0 uniformes, mochilas entre otras.\u00a0<\/p>\n\n\n\n<p>En&nbsp; la Expo Regreso a Clases 2022 se podr\u00e1n adquirir \u00fatiles escolares, cuadernos, plumas, l\u00e1pices , colores,&nbsp; calzado, entre otros art\u00edculos.<\/p>\n","protected":false},"excerpt":{"rendered":"<p>Nuevo Laredo, Tamps.- Con la finalidad de apoyar la econom\u00eda familiar, e impulsar los negocios locales, el Gobierno Municipal y la C\u00e1mara Nacional de Comercio (CANACO) realizar\u00e1n \u201cExpo Regreso a\u00a0 &hellip; <a href=\"http:\/\/revistalaneta.com.mx\/?p=195\" class=\"more-link\">Leer m\u00e1s<\/a><\/p>\n","protected":false},"author":1,"featured_media":194,"comment_status":"open","ping_status":"open","sticky":false,"template":"","format":"standard","meta":{"footnotes":""},"categories":[4],"tags":[],"class_list":["post-195","post","type-post","status-publish","format-standard","has-post-thumbnail","hentry","category-nuevo-laredo","entry"],"_links":{"self":[{"href":"http:\/\/revistalaneta.com.mx\/index.php?rest_route=\/wp\/v2\/posts\/195","targetHints":{"allow":["GET"]}}],"collection":[{"href":"http:\/\/revistalaneta.com.mx\/index.php?rest_route=\/wp\/v2\/posts"}],"about":[{"href":"http:\/\/revistalaneta.com.mx\/index.php?rest_route=\/wp\/v2\/types\/post"}],"author":[{"embeddable":true,"href":"http:\/\/revistalaneta.com.mx\/index.php?rest_route=\/wp\/v2\/users\/1"}],"replies":[{"embeddable":true,"href":"http:\/\/revistalaneta.com.mx\/index.php?rest_route=%2Fwp%2Fv2%2Fcomments&post=195"}],"version-history":[{"count":1,"href":"http:\/\/revistalaneta.com.mx\/index.php?rest_route=\/wp\/v2\/posts\/195\/revisions"}],"predecessor-version":[{"id":196,"href":"http:\/\/revistalaneta.com.mx\/index.php?rest_route=\/wp\/v2\/posts\/195\/revisions\/196"}],"wp:featuredmedia":[{"embeddable":true,"href":"http:\/\/revistalaneta.com.mx\/index.php?rest_route=\/wp\/v2\/media\/194"}],"wp:attachment":[{"href":"http:\/\/revistalaneta.com.mx\/index.php?rest_route=%2Fwp%2Fv2%2Fmedia&parent=195"}],"wp:term":[{"taxonomy":"category","embeddable":true,"href":"http:\/\/revistalaneta.com.mx\/index.php?rest_route=%2Fwp%2Fv2%2Fcategories&post=195"},{"taxonomy":"post_tag","embeddable":true,"href":"http:\/\/revistalaneta.com.mx\/index.php?rest_route=%2Fwp%2Fv2%2Ftags&post=195"}],"curies":[{"name":"wp","href":"https:\/\/api.w.org\/{rel}","templated":true}]}}