{"id":198,"date":"2022-08-15T22:19:30","date_gmt":"2022-08-15T22:19:30","guid":{"rendered":"http:\/\/revistalaneta.com.mx\/?p=198"},"modified":"2022-08-15T22:20:07","modified_gmt":"2022-08-15T22:20:07","slug":"realizaran-feria-empleo-para-jovenes","status":"publish","type":"post","link":"http:\/\/revistalaneta.com.mx\/?p=198","title":{"rendered":"Realizar\u00e1n Feria Empleo para j\u00f3venes"},"content":{"rendered":"\n<p><\/p>\n\n\n\n<p>Nuevo Laredo, Tamps.- El pr\u00f3ximo 18 de agosto se realizar\u00e1 \u201cLa Cuarta Feria Empleo J\u00f3venes 2022\u201d con la finalidad de acercar\u00a0 las\u00a0 vacantes de las\u00a0 empresas establecidas a los j\u00f3venes.\u00a0<\/p>\n\n\n\n<p>El evento del Gobierno Municipal por medio de la &nbsp; Secretar\u00eda de Desarrollo Econ\u00f3mico, Direcci\u00f3n Comercio, Empleo y Pymes, tendr\u00e1 lugar en la Sala Principal del Centro C\u00edvico en horario de las 10:00 de la ma\u00f1ana a las 3:00 de la tarde.<\/p>\n\n\n\n<p>Se espera la participaci\u00f3n de m\u00e1s de 60 empresas que promover\u00e1n la inserci\u00f3n laboral principalmente de los&nbsp; j\u00f3venes de 19 a 29 a\u00f1os de edad, los solicitantes mayores de este rango de edad, tambi\u00e9n podr\u00e1n acudir a solicitar empleo.&nbsp;<\/p>\n","protected":false},"excerpt":{"rendered":"<p>Nuevo Laredo, Tamps.- El pr\u00f3ximo 18 de agosto se realizar\u00e1 \u201cLa Cuarta Feria Empleo J\u00f3venes 2022\u201d con la finalidad de acercar\u00a0 las\u00a0 vacantes de las\u00a0 empresas establecidas a los j\u00f3venes.\u00a0 &hellip; <a href=\"http:\/\/revistalaneta.com.mx\/?p=198\" class=\"more-link\">Leer m\u00e1s<\/a><\/p>\n","protected":false},"author":1,"featured_media":197,"comment_status":"open","ping_status":"open","sticky":false,"template":"","format":"standard","meta":{"footnotes":""},"categories":[4],"tags":[],"class_list":["post-198","post","type-post","status-publish","format-standard","has-post-thumbnail","hentry","category-nuevo-laredo","entry"],"_links":{"self":[{"href":"http:\/\/revistalaneta.com.mx\/index.php?rest_route=\/wp\/v2\/posts\/198","targetHints":{"allow":["GET"]}}],"collection":[{"href":"http:\/\/revistalaneta.com.mx\/index.php?rest_route=\/wp\/v2\/posts"}],"about":[{"href":"http:\/\/revistalaneta.com.mx\/index.php?rest_route=\/wp\/v2\/types\/post"}],"author":[{"embeddable":true,"href":"http:\/\/revistalaneta.com.mx\/index.php?rest_route=\/wp\/v2\/users\/1"}],"replies":[{"embeddable":true,"href":"http:\/\/revistalaneta.com.mx\/index.php?rest_route=%2Fwp%2Fv2%2Fcomments&post=198"}],"version-history":[{"count":1,"href":"http:\/\/revistalaneta.com.mx\/index.php?rest_route=\/wp\/v2\/posts\/198\/revisions"}],"predecessor-version":[{"id":199,"href":"http:\/\/revistalaneta.com.mx\/index.php?rest_route=\/wp\/v2\/posts\/198\/revisions\/199"}],"wp:featuredmedia":[{"embeddable":true,"href":"http:\/\/revistalaneta.com.mx\/index.php?rest_route=\/wp\/v2\/media\/197"}],"wp:attachment":[{"href":"http:\/\/revistalaneta.com.mx\/index.php?rest_route=%2Fwp%2Fv2%2Fmedia&parent=198"}],"wp:term":[{"taxonomy":"category","embeddable":true,"href":"http:\/\/revistalaneta.com.mx\/index.php?rest_route=%2Fwp%2Fv2%2Fcategories&post=198"},{"taxonomy":"post_tag","embeddable":true,"href":"http:\/\/revistalaneta.com.mx\/index.php?rest_route=%2Fwp%2Fv2%2Ftags&post=198"}],"curies":[{"name":"wp","href":"https:\/\/api.w.org\/{rel}","templated":true}]}}