{"id":214,"date":"2022-08-17T04:58:43","date_gmt":"2022-08-17T04:58:43","guid":{"rendered":"http:\/\/revistalaneta.com.mx\/?p=214"},"modified":"2022-08-17T04:59:22","modified_gmt":"2022-08-17T04:59:22","slug":"las-acciones-de-la-comision-de-transicion-seran-apegadas-a-la-ley-dr-lavin","status":"publish","type":"post","link":"http:\/\/revistalaneta.com.mx\/?p=214","title":{"rendered":"Las acciones de la Comisi\u00f3n de Transici\u00f3n ser\u00e1n apegadas a la ley: Dr. Lav\u00edn"},"content":{"rendered":"\n<p><\/p>\n\n\n\n<p>Cd. Victoria, Tamps.- El coordinador general del Comit\u00e9 de Enlace para el proceso de entrega-recepci\u00f3n de la administraci\u00f3n estatal, Jes\u00fas Lav\u00edn Ver\u00e1stegui asegur\u00f3 que las personas que integran este equipo cuentan con la capacidad, experiencia y trayectoria en sus campos del saber y est\u00e1n comprometidos con el gobierno de la transformaci\u00f3n y la esperanza que encabezar\u00e1 el doctor Am\u00e9rico Villarreal.<\/p>\n\n\n\n<p>En la ceremonia de presentaci\u00f3n del Comit\u00e9 de Enlace, presidida por el Gobernador electo, se destac\u00f3 que todas las acciones que se emprendan a partir del 1\u00ba. de septiembre ser\u00e1n con estricto apego al marco jur\u00eddico para dar certeza a todas las decisiones y acciones en consecuencia.<\/p>\n\n\n\n<p>\u201cExiste una declaraci\u00f3n expl\u00edcita y de convicci\u00f3n por aportar en la consecuci\u00f3n y logros de los compromisos que nuestro gobernador electo ha expresado a la sociedad\u201d, dijo el doctor Lav\u00edn.<\/p>\n\n\n\n<p>Explic\u00f3 que esta semana ya se ha iniciado la capacitaci\u00f3n al personal que en su momento participar\u00e1 en los diversos actos de entrega &#8211; recepci\u00f3n, todo esto para garantizar un desempe\u00f1o eficiente en la validaci\u00f3n de los recursos humanos, materiales, financieros y tecnol\u00f3gicos, asuntos de relevancia y en tr\u00e1mite que se habr\u00e1n de recibir con la visi\u00f3n de observar con diligencia y enterar a las autoridades correspondientes los actos u omisiones que por su naturaleza precisen emprender acciones en el marco jur\u00eddico correspondiente.<\/p>\n\n\n\n<p>Agreg\u00f3 que existe el compromiso de integrar las tecnolog\u00edas de la informaci\u00f3n y comunicaci\u00f3n como estrategia digital que permitir\u00e1 generar la informaci\u00f3n en tiempo real para efecto de observar y tomar decisiones con prontitud y como una pol\u00edtica institucional para sentar las bases desde el inicio de la pr\u00f3xima administraci\u00f3n estatal.<\/p>\n\n\n\n<p>Asimismo, reconoci\u00f3 que de parte del doctor Am\u00e9rico Villarreal existe la convicci\u00f3n y el compromiso de dar difusi\u00f3n a todo el proceso de transici\u00f3n y mantener permanentemente informada a la sociedad.<\/p>\n\n\n\n<p>Por \u00faltimo, Lav\u00edn Ver\u00e1stegui manifest\u00f3 su agradecimiento al gobernador electo por permitirle aportar su experiencia.<\/p>\n\n\n\n<p>\u201cMi agradecimiento al gobernador electo doctor Am\u00e9rico Villarreal Anaya por la confianza y la oportunidad de ser parte de esta nueva y verdadera transformaci\u00f3n teniendo perfecto los principios que con frecuencia a que hace referencia fidelidad, lealtad y resultados\u201d, indic\u00f3.<\/p>\n\n\n\n<p>A este acto asistieron la esposa del gobernador electo, doctora Mar\u00eda Santiago de Villarreal, Am\u00e9rico Villarreal Santiago, as\u00ed como legisladores federales, locales, alcaldes, representantes de los medios de comunicaci\u00f3n, de c\u00e1maras empresariales y de organizaciones civiles.<\/p>\n","protected":false},"excerpt":{"rendered":"<p>Cd. Victoria, Tamps.- El coordinador general del Comit\u00e9 de Enlace para el proceso de entrega-recepci\u00f3n de la administraci\u00f3n estatal, Jes\u00fas Lav\u00edn Ver\u00e1stegui asegur\u00f3 que las personas que integran este equipo &hellip; <a href=\"http:\/\/revistalaneta.com.mx\/?p=214\" class=\"more-link\">Leer m\u00e1s<\/a><\/p>\n","protected":false},"author":1,"featured_media":213,"comment_status":"open","ping_status":"open","sticky":false,"template":"","format":"standard","meta":{"footnotes":""},"categories":[7,8],"tags":[],"class_list":["post-214","post","type-post","status-publish","format-standard","has-post-thumbnail","hentry","category-ciudad-victoria","category-tamaulipas-sur","entry"],"_links":{"self":[{"href":"http:\/\/revistalaneta.com.mx\/index.php?rest_route=\/wp\/v2\/posts\/214","targetHints":{"allow":["GET"]}}],"collection":[{"href":"http:\/\/revistalaneta.com.mx\/index.php?rest_route=\/wp\/v2\/posts"}],"about":[{"href":"http:\/\/revistalaneta.com.mx\/index.php?rest_route=\/wp\/v2\/types\/post"}],"author":[{"embeddable":true,"href":"http:\/\/revistalaneta.com.mx\/index.php?rest_route=\/wp\/v2\/users\/1"}],"replies":[{"embeddable":true,"href":"http:\/\/revistalaneta.com.mx\/index.php?rest_route=%2Fwp%2Fv2%2Fcomments&post=214"}],"version-history":[{"count":1,"href":"http:\/\/revistalaneta.com.mx\/index.php?rest_route=\/wp\/v2\/posts\/214\/revisions"}],"predecessor-version":[{"id":215,"href":"http:\/\/revistalaneta.com.mx\/index.php?rest_route=\/wp\/v2\/posts\/214\/revisions\/215"}],"wp:featuredmedia":[{"embeddable":true,"href":"http:\/\/revistalaneta.com.mx\/index.php?rest_route=\/wp\/v2\/media\/213"}],"wp:attachment":[{"href":"http:\/\/revistalaneta.com.mx\/index.php?rest_route=%2Fwp%2Fv2%2Fmedia&parent=214"}],"wp:term":[{"taxonomy":"category","embeddable":true,"href":"http:\/\/revistalaneta.com.mx\/index.php?rest_route=%2Fwp%2Fv2%2Fcategories&post=214"},{"taxonomy":"post_tag","embeddable":true,"href":"http:\/\/revistalaneta.com.mx\/index.php?rest_route=%2Fwp%2Fv2%2Ftags&post=214"}],"curies":[{"name":"wp","href":"https:\/\/api.w.org\/{rel}","templated":true}]}}