{"id":223,"date":"2022-08-17T05:07:39","date_gmt":"2022-08-17T05:07:39","guid":{"rendered":"http:\/\/revistalaneta.com.mx\/?p=223"},"modified":"2022-08-17T05:08:17","modified_gmt":"2022-08-17T05:08:17","slug":"firman-gobierno-municipal-y-ciateq-convenio-de-colaboracion-cientifica-y-tecnologica","status":"publish","type":"post","link":"http:\/\/revistalaneta.com.mx\/?p=223","title":{"rendered":"Firman Gobierno Municipal y CIATEQ Convenio de Colaboraci\u00f3n Cient\u00edfica y Tecnol\u00f3gica"},"content":{"rendered":"\n<p><\/p>\n\n\n\n<p>Nuevo Laredo, Tamps.- El Gobierno Municipal firm\u00f3 un Convenio de Colaboraci\u00f3n Acad\u00e9mica, Cient\u00edfica y Tecnol\u00f3gica con el Centro de Desarrollo Tecnol\u00f3gico e Investigaci\u00f3n Aplicada (CIATEQ) que ayudar\u00e1 a elevar la productividad y competitividad de productos e industrias de Nuevo Laredo.<\/p>\n\n\n\n<p>El plan es elevar la productividad y competitividad de productos producidos en Nuevo Laredo y Quer\u00e9taro.<\/p>\n\n\n\n<p>Sergio Orlando Siever Romero, director del Centro IST y Mar\u00eda Guadalupe Navarro Rojero, directora general CIATEQ Centro de Tecnolog\u00eda Avanzada, fueron quienes firmaron el convenio al mediod\u00eda de este martes, 16 de agosto, en las oficinas del CIATEQ, en Quer\u00e9taro.<\/p>\n\n\n\n<p>El convenio ampliar\u00e1 la colaboraci\u00f3n, acad\u00e9mica, cient\u00edfica y tecnol\u00f3gica entre el Centro IST y el CIATEQ y ayudar\u00e1 a desarrollar proyectos conjuntos de investigaci\u00f3n e innovaci\u00f3n cient\u00edfico tecnol\u00f3gicas.<\/p>\n\n\n\n<p>El Centro IST es una dependencia de la Secretar\u00eda de Desarrollo Econ\u00f3mico del Gobierno Municipal que tiene como objetivo elevar la productividad y competitividad para la generaci\u00f3n de valor agregado a distintos productos o servicios en determinadas industrias, a trav\u00e9s de la investigaci\u00f3n, desarrollo e innovaci\u00f3n.<\/p>\n\n\n\n<p>Su objetivo es fomentar las alianzas p\u00fablico-privadas para el desarrollo de capacidades tecnol\u00f3gicas y promover la creaci\u00f3n de una Unidad de Vinculaci\u00f3n y Transferencia de Conocimiento (UVTC).<\/p>\n\n\n\n<p>Al evento tambi\u00e9n asisti\u00f3 Rodolfo Pe\u00f1a Casillas, Presidente de Index NLD y el equipo directivo del CIATEQ.<\/p>\n","protected":false},"excerpt":{"rendered":"<p>Nuevo Laredo, Tamps.- El Gobierno Municipal firm\u00f3 un Convenio de Colaboraci\u00f3n Acad\u00e9mica, Cient\u00edfica y Tecnol\u00f3gica con el Centro de Desarrollo Tecnol\u00f3gico e Investigaci\u00f3n Aplicada (CIATEQ) que ayudar\u00e1 a elevar la &hellip; <a href=\"http:\/\/revistalaneta.com.mx\/?p=223\" class=\"more-link\">Leer m\u00e1s<\/a><\/p>\n","protected":false},"author":1,"featured_media":222,"comment_status":"open","ping_status":"open","sticky":false,"template":"","format":"standard","meta":{"footnotes":""},"categories":[4],"tags":[],"class_list":["post-223","post","type-post","status-publish","format-standard","has-post-thumbnail","hentry","category-nuevo-laredo","entry"],"_links":{"self":[{"href":"http:\/\/revistalaneta.com.mx\/index.php?rest_route=\/wp\/v2\/posts\/223","targetHints":{"allow":["GET"]}}],"collection":[{"href":"http:\/\/revistalaneta.com.mx\/index.php?rest_route=\/wp\/v2\/posts"}],"about":[{"href":"http:\/\/revistalaneta.com.mx\/index.php?rest_route=\/wp\/v2\/types\/post"}],"author":[{"embeddable":true,"href":"http:\/\/revistalaneta.com.mx\/index.php?rest_route=\/wp\/v2\/users\/1"}],"replies":[{"embeddable":true,"href":"http:\/\/revistalaneta.com.mx\/index.php?rest_route=%2Fwp%2Fv2%2Fcomments&post=223"}],"version-history":[{"count":1,"href":"http:\/\/revistalaneta.com.mx\/index.php?rest_route=\/wp\/v2\/posts\/223\/revisions"}],"predecessor-version":[{"id":224,"href":"http:\/\/revistalaneta.com.mx\/index.php?rest_route=\/wp\/v2\/posts\/223\/revisions\/224"}],"wp:featuredmedia":[{"embeddable":true,"href":"http:\/\/revistalaneta.com.mx\/index.php?rest_route=\/wp\/v2\/media\/222"}],"wp:attachment":[{"href":"http:\/\/revistalaneta.com.mx\/index.php?rest_route=%2Fwp%2Fv2%2Fmedia&parent=223"}],"wp:term":[{"taxonomy":"category","embeddable":true,"href":"http:\/\/revistalaneta.com.mx\/index.php?rest_route=%2Fwp%2Fv2%2Fcategories&post=223"},{"taxonomy":"post_tag","embeddable":true,"href":"http:\/\/revistalaneta.com.mx\/index.php?rest_route=%2Fwp%2Fv2%2Ftags&post=223"}],"curies":[{"name":"wp","href":"https:\/\/api.w.org\/{rel}","templated":true}]}}