{"id":228,"date":"2022-08-17T05:14:33","date_gmt":"2022-08-17T05:14:33","guid":{"rendered":"http:\/\/revistalaneta.com.mx\/?p=228"},"modified":"2022-08-17T05:15:39","modified_gmt":"2022-08-17T05:15:39","slug":"este-viernes-hay-vacunacion-contra-el-covid-19","status":"publish","type":"post","link":"http:\/\/revistalaneta.com.mx\/?p=228","title":{"rendered":"Este viernes hay vacunaci\u00f3n contra el Covid-19"},"content":{"rendered":"\n<p><\/p>\n\n\n\n<p>Nuevo Laredo, Tamps.- Este viernes, autoridades del gobierno municipal realizar\u00e1n una jornada de vacunaci\u00f3n contra el Covid-19 para aquellas personas que no tuvieron oportunidad de acudir anteriormente.<\/p>\n\n\n\n<p>Los interesados ser\u00e1n trasladados a Laredo, Texas a partir de las 8:00 de la ma\u00f1ana a 1:00 de la tarde desde la sala Sergio Pe\u00f1a para que se les sea aplicada la primera, segunda dosis o el refuerzo.<\/p>\n\n\n\n<p>La vacunaci\u00f3n est\u00e1 dirigida para beb\u00e9s de 6 meses de edad, ni\u00f1os y adultos en general de las cuales habr\u00e1 600 dosis. Adem\u00e1s no se necesita registro previo ni tener visa.<\/p>\n\n\n\n<p>La alcaldesa Carmen Lilia Canturosas anunci\u00f3 que en el mes de septiembre continuar\u00e1n aplicando dosis para proteger a la ciudadan\u00eda de un riesgo mayor en caso de contagiarse de Covid-19.<\/p>\n\n\n\n<p>Tras ocho jornadas de vacunaci\u00f3n transfronteriza la administraci\u00f3n municipal ha logrado vacunar contra este virus a 110 mil 649 personas.<\/p>\n","protected":false},"excerpt":{"rendered":"<p>Nuevo Laredo, Tamps.- Este viernes, autoridades del gobierno municipal realizar\u00e1n una jornada de vacunaci\u00f3n contra el Covid-19 para aquellas personas que no tuvieron oportunidad de acudir anteriormente. Los interesados ser\u00e1n &hellip; <a href=\"http:\/\/revistalaneta.com.mx\/?p=228\" class=\"more-link\">Leer m\u00e1s<\/a><\/p>\n","protected":false},"author":1,"featured_media":227,"comment_status":"open","ping_status":"open","sticky":false,"template":"","format":"standard","meta":{"footnotes":""},"categories":[4],"tags":[],"class_list":["post-228","post","type-post","status-publish","format-standard","has-post-thumbnail","hentry","category-nuevo-laredo","entry"],"_links":{"self":[{"href":"http:\/\/revistalaneta.com.mx\/index.php?rest_route=\/wp\/v2\/posts\/228","targetHints":{"allow":["GET"]}}],"collection":[{"href":"http:\/\/revistalaneta.com.mx\/index.php?rest_route=\/wp\/v2\/posts"}],"about":[{"href":"http:\/\/revistalaneta.com.mx\/index.php?rest_route=\/wp\/v2\/types\/post"}],"author":[{"embeddable":true,"href":"http:\/\/revistalaneta.com.mx\/index.php?rest_route=\/wp\/v2\/users\/1"}],"replies":[{"embeddable":true,"href":"http:\/\/revistalaneta.com.mx\/index.php?rest_route=%2Fwp%2Fv2%2Fcomments&post=228"}],"version-history":[{"count":1,"href":"http:\/\/revistalaneta.com.mx\/index.php?rest_route=\/wp\/v2\/posts\/228\/revisions"}],"predecessor-version":[{"id":229,"href":"http:\/\/revistalaneta.com.mx\/index.php?rest_route=\/wp\/v2\/posts\/228\/revisions\/229"}],"wp:featuredmedia":[{"embeddable":true,"href":"http:\/\/revistalaneta.com.mx\/index.php?rest_route=\/wp\/v2\/media\/227"}],"wp:attachment":[{"href":"http:\/\/revistalaneta.com.mx\/index.php?rest_route=%2Fwp%2Fv2%2Fmedia&parent=228"}],"wp:term":[{"taxonomy":"category","embeddable":true,"href":"http:\/\/revistalaneta.com.mx\/index.php?rest_route=%2Fwp%2Fv2%2Fcategories&post=228"},{"taxonomy":"post_tag","embeddable":true,"href":"http:\/\/revistalaneta.com.mx\/index.php?rest_route=%2Fwp%2Fv2%2Ftags&post=228"}],"curies":[{"name":"wp","href":"https:\/\/api.w.org\/{rel}","templated":true}]}}