{"id":2449,"date":"2022-11-30T01:06:58","date_gmt":"2022-11-30T01:06:58","guid":{"rendered":"http:\/\/revistalaneta.com.mx\/?p=2449"},"modified":"2022-11-30T01:07:47","modified_gmt":"2022-11-30T01:07:47","slug":"inician-foros-educativos-para-la-consulta-del-plan-estatal-de-desarrollo","status":"publish","type":"post","link":"http:\/\/revistalaneta.com.mx\/?p=2449","title":{"rendered":"Inician foros educativos para la consulta del Plan Estatal de Desarrollo"},"content":{"rendered":"\n<p><\/p>\n\n\n\n<p>Ciudad Victoria, Tamps.- La Secretar\u00eda de Educaci\u00f3n de Tamaulipas promueve los espacios de di\u00e1logo e intercambio de iniciativas para la creaci\u00f3n de propuestas del sector educativo, con la finalidad de incorporarlas al Plan Estatal de Desarrollo 2023-2028, del gobierno que dirige Am\u00e9rico Villarreal Anaya, y que garanticen a todas y todos los tamaulipecos una educaci\u00f3n universal de excelencia.<\/p>\n\n\n\n<p>En cumplimiento con la consulta democr\u00e1tica, la titular de la SET Luc\u00eda Aim\u00e9 Castillo Pastor acudi\u00f3 al primer foro en educaci\u00f3n b\u00e1sica \u201cDi\u00e1logos y Compromisos por la Educaci\u00f3n\u201d, donde participaron jefes de sector, supervisores, maestras y maestros de dicho nivel, estudiantes normalistas, padres de familia y personas de otros sectores interesados en participar con propuestas en el tema educativo.<\/p>\n\n\n\n<p>Emma Edith Nava Salinas, docente de primaria y relatora electa de la mesa 1, con el tema \u2018Cobertura y permanencia educativa con equidad e inclusi\u00f3n\u2019, destac\u00f3 la necesidad de m\u00e1s capacitaci\u00f3n a las y los docentes de educaci\u00f3n especial para ofrecer una educaci\u00f3n integral e inclusiva: \u201cEn nuestra mesa decidimos centrarnos en los problemas educativos que enfrentan los grupos vulnerables. Es necesario que se capaciten de manera integral a los docentes en temas de educaci\u00f3n inclusiva, pero que realmente nos capaciten para atender y resolver problemas que ni\u00f1as y ni\u00f1os migrantes, con alg\u00fan tipo de discapacidad, con rezago o problemas de aprendizaje, presentan en \u00e9l aula y no solo con una perspectiva te\u00f3rica\u201d apunt\u00f3.<\/p>\n\n\n\n<p>Por su parte, Castillo Pastor, al terminar de escuchar las participaciones de los relatores, agradeci\u00f3 el compromiso de las comunidades educativa y social que participaron en las mesas de trabajo del primer foro, el cual tuvo como sede la ciudad de Victoria, con la realizaci\u00f3n simult\u00e1nea de foros en los municipios de Hidalgo y Llera.<\/p>\n\n\n\n<p>La Secretaria hizo una revisi\u00f3n de los temas planteados por las y los ciudadanos presentes: \u201cEsta administraci\u00f3n apuesta por una cultura participativa y democr\u00e1tica. Estamos hoy aqu\u00ed, dialogando sobre temas cuyo inter\u00e9s es transformar la educaci\u00f3n. En ese sentido, a nombre del gobernador y del m\u00edo propio agradecemos y valoramos su participaci\u00f3n\u201d, reconoci\u00f3 Luc\u00eda Aim\u00e9 Castillo.<\/p>\n\n\n\n<p>En estos foros, participan docentes e integrantes de la sociedad civil organizada provenientes de 20 municipios, con la finalidad de generar propuestas que ayuden al desarrollo y crecimiento de la educaci\u00f3n en Tamaulipas.<\/p>\n\n\n\n<p>Ser\u00e1n 7 las mesas de trabajo las que se desarrollar\u00e1n durante esta consulta democr\u00e1tica enfocada en la educaci\u00f3n b\u00e1sica, con los temas: Cobertura y permanencia educativa con equidad e inclusi\u00f3n; Excelencia y pertinencia educativa; Educaci\u00f3n integral y formaci\u00f3n para la vida; Revalorizaci\u00f3n y profesionalizaci\u00f3n docente; Infraestructura f\u00edsica y tecnol\u00f3gica para el conocimiento; Ciencia, Tecnolog\u00eda e Innovaci\u00f3n (CTI) para el bienestar y Mejora continua de la educaci\u00f3n, procesos de gesti\u00f3n y participaci\u00f3n social.<\/p>\n","protected":false},"excerpt":{"rendered":"<p>Ciudad Victoria, Tamps.- La Secretar\u00eda de Educaci\u00f3n de Tamaulipas promueve los espacios de di\u00e1logo e intercambio de iniciativas para la creaci\u00f3n de propuestas del sector educativo, con la finalidad de &hellip; <a href=\"http:\/\/revistalaneta.com.mx\/?p=2449\" class=\"more-link\">Leer m\u00e1s<\/a><\/p>\n","protected":false},"author":1,"featured_media":2448,"comment_status":"open","ping_status":"open","sticky":false,"template":"","format":"standard","meta":{"footnotes":""},"categories":[7,8],"tags":[],"class_list":["post-2449","post","type-post","status-publish","format-standard","has-post-thumbnail","hentry","category-ciudad-victoria","category-tamaulipas-sur","entry"],"_links":{"self":[{"href":"http:\/\/revistalaneta.com.mx\/index.php?rest_route=\/wp\/v2\/posts\/2449","targetHints":{"allow":["GET"]}}],"collection":[{"href":"http:\/\/revistalaneta.com.mx\/index.php?rest_route=\/wp\/v2\/posts"}],"about":[{"href":"http:\/\/revistalaneta.com.mx\/index.php?rest_route=\/wp\/v2\/types\/post"}],"author":[{"embeddable":true,"href":"http:\/\/revistalaneta.com.mx\/index.php?rest_route=\/wp\/v2\/users\/1"}],"replies":[{"embeddable":true,"href":"http:\/\/revistalaneta.com.mx\/index.php?rest_route=%2Fwp%2Fv2%2Fcomments&post=2449"}],"version-history":[{"count":1,"href":"http:\/\/revistalaneta.com.mx\/index.php?rest_route=\/wp\/v2\/posts\/2449\/revisions"}],"predecessor-version":[{"id":2450,"href":"http:\/\/revistalaneta.com.mx\/index.php?rest_route=\/wp\/v2\/posts\/2449\/revisions\/2450"}],"wp:featuredmedia":[{"embeddable":true,"href":"http:\/\/revistalaneta.com.mx\/index.php?rest_route=\/wp\/v2\/media\/2448"}],"wp:attachment":[{"href":"http:\/\/revistalaneta.com.mx\/index.php?rest_route=%2Fwp%2Fv2%2Fmedia&parent=2449"}],"wp:term":[{"taxonomy":"category","embeddable":true,"href":"http:\/\/revistalaneta.com.mx\/index.php?rest_route=%2Fwp%2Fv2%2Fcategories&post=2449"},{"taxonomy":"post_tag","embeddable":true,"href":"http:\/\/revistalaneta.com.mx\/index.php?rest_route=%2Fwp%2Fv2%2Ftags&post=2449"}],"curies":[{"name":"wp","href":"https:\/\/api.w.org\/{rel}","templated":true}]}}