{"id":2452,"date":"2022-11-30T01:08:33","date_gmt":"2022-11-30T01:08:33","guid":{"rendered":"http:\/\/revistalaneta.com.mx\/?p=2452"},"modified":"2022-11-30T01:08:52","modified_gmt":"2022-11-30T01:08:52","slug":"convoca-gobernador-a-sociedad-civil-a-participar-en-plan-estatal-de-desarrollo","status":"publish","type":"post","link":"http:\/\/revistalaneta.com.mx\/?p=2452","title":{"rendered":"Convoca gobernador a sociedad civil a participar en Plan Estatal de Desarrollo"},"content":{"rendered":"\n<p><\/p>\n\n\n\n<p>Ciudad Victoria, Tamps.- El gobernador Am\u00e9rico Villarreal Anaya hizo un llamado a las organizaciones de la sociedad civil y a la ciudadan\u00eda en general, a sumarse al nuevo pacto social que se construye en Tamaulipas y aportar sus ideas, opiniones y comentarios para ampliar y fortalecer el Plan Estatal de Desarrollo.<\/p>\n\n\n\n<p>\u201cVamos a seguir divulgando el Plan Estatal de Desarrollo que queremos que est\u00e9 ampliamente difundido en la poblaci\u00f3n y que participe en la construcci\u00f3n del mismo; tenemos ese anteproyecto para que la ciudadan\u00eda pueda sumar con su opini\u00f3n y lo podamos fortalecer\u201d, indic\u00f3 el gobernador.<\/p>\n\n\n\n<p>Am\u00e9rico Villarreal explic\u00f3 que el objetivo, es dar a conocer el nuevo pacto social que se construye en Tamaulipas con un perfil humanista y de respeto a los derechos humanos, complementados con la disposici\u00f3n de participar de una sociedad colaborativa.<\/p>\n\n\n\n<p>\u201cHemos pedido a los presidentes municipales que a trav\u00e9s de las organizaciones de la sociedad civil, de las C\u00e1maras de Comercio, de la Construcci\u00f3n, lo difundan a fin de recuperar las opiniones y fortalecer este plan y podamos tener un instrumento s\u00f3lido y de consenso de los tamaulipecos para los pr\u00f3ximos seis a\u00f1os\u201d, expres\u00f3 el gobernador del Estado.<\/p>\n\n\n\n<p>En entrevista con los medios de comunicaci\u00f3n en Palacio de Gobierno, anunci\u00f3 que el pr\u00f3ximo domingo se realizar\u00e1 la tercera reuni\u00f3n regional con las y los presidentes municipales, esta vez con los correspondientes a la zona centro del Estado, a fin de seguir difundiendo y fortaleciendo el anteproyecto del Plan Estatal de Desarrollo.<\/p>\n\n\n\n<p>\u201cEste domingo, vamos a estar haciendo la reuni\u00f3n correspondiente a la zona centro, vamos a platicar con 13 municipios de la zona centro\u201d, explic\u00f3.<\/p>\n\n\n\n<p>Agreg\u00f3 que el prop\u00f3sito en las reuniones con las y los presidentes municipales, es pedirles que sumen a las organizaciones de su comunidad y a la sociedad civil en general, para que difundan el Plan Estatal de Desarrollo y recibir opiniones y propuestas para fortalecer el documento.<\/p>\n","protected":false},"excerpt":{"rendered":"<p>Ciudad Victoria, Tamps.- El gobernador Am\u00e9rico Villarreal Anaya hizo un llamado a las organizaciones de la sociedad civil y a la ciudadan\u00eda en general, a sumarse al nuevo pacto social &hellip; <a href=\"http:\/\/revistalaneta.com.mx\/?p=2452\" class=\"more-link\">Leer m\u00e1s<\/a><\/p>\n","protected":false},"author":1,"featured_media":2451,"comment_status":"open","ping_status":"open","sticky":false,"template":"","format":"standard","meta":{"footnotes":""},"categories":[1],"tags":[],"class_list":["post-2452","post","type-post","status-publish","format-standard","has-post-thumbnail","hentry","category-sin-categoria","entry"],"_links":{"self":[{"href":"http:\/\/revistalaneta.com.mx\/index.php?rest_route=\/wp\/v2\/posts\/2452","targetHints":{"allow":["GET"]}}],"collection":[{"href":"http:\/\/revistalaneta.com.mx\/index.php?rest_route=\/wp\/v2\/posts"}],"about":[{"href":"http:\/\/revistalaneta.com.mx\/index.php?rest_route=\/wp\/v2\/types\/post"}],"author":[{"embeddable":true,"href":"http:\/\/revistalaneta.com.mx\/index.php?rest_route=\/wp\/v2\/users\/1"}],"replies":[{"embeddable":true,"href":"http:\/\/revistalaneta.com.mx\/index.php?rest_route=%2Fwp%2Fv2%2Fcomments&post=2452"}],"version-history":[{"count":1,"href":"http:\/\/revistalaneta.com.mx\/index.php?rest_route=\/wp\/v2\/posts\/2452\/revisions"}],"predecessor-version":[{"id":2453,"href":"http:\/\/revistalaneta.com.mx\/index.php?rest_route=\/wp\/v2\/posts\/2452\/revisions\/2453"}],"wp:featuredmedia":[{"embeddable":true,"href":"http:\/\/revistalaneta.com.mx\/index.php?rest_route=\/wp\/v2\/media\/2451"}],"wp:attachment":[{"href":"http:\/\/revistalaneta.com.mx\/index.php?rest_route=%2Fwp%2Fv2%2Fmedia&parent=2452"}],"wp:term":[{"taxonomy":"category","embeddable":true,"href":"http:\/\/revistalaneta.com.mx\/index.php?rest_route=%2Fwp%2Fv2%2Fcategories&post=2452"},{"taxonomy":"post_tag","embeddable":true,"href":"http:\/\/revistalaneta.com.mx\/index.php?rest_route=%2Fwp%2Fv2%2Ftags&post=2452"}],"curies":[{"name":"wp","href":"https:\/\/api.w.org\/{rel}","templated":true}]}}