{"id":2455,"date":"2022-11-30T02:13:42","date_gmt":"2022-11-30T02:13:42","guid":{"rendered":"http:\/\/revistalaneta.com.mx\/?p=2455"},"modified":"2022-11-30T02:14:21","modified_gmt":"2022-11-30T02:14:21","slug":"reune-abelardo-todos-los-requisitos-para-dirigir-al-snte-maestros","status":"publish","type":"post","link":"http:\/\/revistalaneta.com.mx\/?p=2455","title":{"rendered":"Re\u00fane Abelardo todos los requisitos para dirigir al SNTE; maestros"},"content":{"rendered":"\n<p><\/p>\n\n\n\n<p>La planilla naranja representa la unidad, la fortaleza y la sensibilidad que el magisterio requiere y con justa raz\u00f3n reclama.<\/p>\n\n\n\n<p>Miguel Alem\u00e1n, Tamps.- La Secci\u00f3n 30 del Sindicato Nacional de Trabajadores en Tamaulipas, necesita el liderazgo de Abelardo Ibarra Villanueva, porque re\u00fane los requisitos id\u00f3neos de un l\u00edder transformador que fomenta la unidad sindical y que cada d\u00eda gana m\u00e1s simpatizantes, con propuestas, jam\u00e1s con descalificaciones, dijo el profesor Jes\u00fas Sergio de los Reyes Maga\u00f1a, en el marco de la toma de protesta de m\u00e1s de 500 promotores del triunfo en el Municipio de Miguel Alem\u00e1n.<\/p>\n\n\n\n<p>\u201cLos docentes somos formadores y en el hacer mostramos la calidad de lo que estamos hechos dijo el Reyes Maga\u00f1a, al dar la bienvenida a quien encabeza la planilla naranja, \u201cbienvenido a la frontera tamaulipeca donde diariamente, autoridades, padres de familia, maestros y alumnos, nos esforzamos por alcanzar la excelencia educativa y la formaci\u00f3n integral que la sociedad requiere para ello necesitamos su liderazgo.<\/p>\n\n\n\n<p>Dijo que el profesor Ibarra Villanueva, simboliza la recuperaci\u00f3n de la dignidad, la reivindicaci\u00f3n y el orgullo de todos los trabajadores de la educaci\u00f3n de Tamaulipas \u201cestamos convencidos que Abelardo y la planilla naranja representa la unidad, la fortaleza y la sensibilidad que el magisterio requiere y con justa raz\u00f3n reclama\u201d.<\/p>\n\n\n\n<p>\u201cCon orden y respeto mostraremos el apoyo efectivo a quien hoy p\u00fablicamente le expresamos nuestro respaldo a nuestro amigo para que tome las riendas de nuestro sindicato en Tamaulipas, este pr\u00f3ximo viernes 9 de diciembre\u201d, subrayo.<\/p>\n\n\n\n<p>\u201cEsta planilla ganadora y con el maestro Abelardo al frente, los trabajadores de la educaci\u00f3n seremos un equipo fuerte y vigoroso que lucharemos de manera inteligente y din\u00e1mica para alcanzar mejores prestaciones salariales y mejores condiciones de trabajo, pero tambi\u00e9n una educaci\u00f3n de excelencia\u201d, expres\u00f3.<\/p>\n\n\n\n<p>\u201cAbelardo, es un hombre preparado que construye los valores, habla con el coraz\u00f3n sabe, pero sobre todo conoce las bondades del sindicato y el potencial de sus regiones y est\u00e1 decidido a darle un nuevo rostro a la Secci\u00f3n 30, representa el l\u00edder que el SNTE necesita, con el valor y los valores que los trabajadores de la educaci\u00f3n nos merecemos\u201d, destac\u00f3.<\/p>\n\n\n\n<p>Por su parte y al hacer uso de la palabra el candidato de la planilla naranja por la dignidad del SNTE, Abelardo Ibarra Villanueva, refrend\u00f3 su compromiso de incrementar las prestaciones de los trabajadores de la educaci\u00f3n y exigir lo que por ley le corresponde a la base trabajadora.<\/p>\n\n\n\n<p>\u201cCon respeto, pero con la mano firme vamos por lo que leg\u00edtimamente nos corresponde, buscaremos equiparar el aguinaldo de los trabajadores de la federaci\u00f3n con los del estado, vamos a impulsar los centros recreativos, los cr\u00e9ditos hipotecarios para los trabajadores que pertenecen al estado, a establecer oficinas de SARTET, en cada regi\u00f3n, pero adem\u00e1s vamos a reactivar los beneficios y las prestaciones que nos faltan por recuperar, sin dejar atr\u00e1s a los teachers y tecnolog\u00eda educativa, porque seremos gestores permanentes\u201d, concluy\u00f3.<\/p>\n","protected":false},"excerpt":{"rendered":"<p>La planilla naranja representa la unidad, la fortaleza y la sensibilidad que el magisterio requiere y con justa raz\u00f3n reclama. Miguel Alem\u00e1n, Tamps.- La Secci\u00f3n 30 del Sindicato Nacional de &hellip; <a href=\"http:\/\/revistalaneta.com.mx\/?p=2455\" class=\"more-link\">Leer m\u00e1s<\/a><\/p>\n","protected":false},"author":1,"featured_media":2454,"comment_status":"open","ping_status":"open","sticky":false,"template":"","format":"standard","meta":{"footnotes":""},"categories":[4],"tags":[],"class_list":["post-2455","post","type-post","status-publish","format-standard","has-post-thumbnail","hentry","category-nuevo-laredo","entry"],"_links":{"self":[{"href":"http:\/\/revistalaneta.com.mx\/index.php?rest_route=\/wp\/v2\/posts\/2455","targetHints":{"allow":["GET"]}}],"collection":[{"href":"http:\/\/revistalaneta.com.mx\/index.php?rest_route=\/wp\/v2\/posts"}],"about":[{"href":"http:\/\/revistalaneta.com.mx\/index.php?rest_route=\/wp\/v2\/types\/post"}],"author":[{"embeddable":true,"href":"http:\/\/revistalaneta.com.mx\/index.php?rest_route=\/wp\/v2\/users\/1"}],"replies":[{"embeddable":true,"href":"http:\/\/revistalaneta.com.mx\/index.php?rest_route=%2Fwp%2Fv2%2Fcomments&post=2455"}],"version-history":[{"count":1,"href":"http:\/\/revistalaneta.com.mx\/index.php?rest_route=\/wp\/v2\/posts\/2455\/revisions"}],"predecessor-version":[{"id":2456,"href":"http:\/\/revistalaneta.com.mx\/index.php?rest_route=\/wp\/v2\/posts\/2455\/revisions\/2456"}],"wp:featuredmedia":[{"embeddable":true,"href":"http:\/\/revistalaneta.com.mx\/index.php?rest_route=\/wp\/v2\/media\/2454"}],"wp:attachment":[{"href":"http:\/\/revistalaneta.com.mx\/index.php?rest_route=%2Fwp%2Fv2%2Fmedia&parent=2455"}],"wp:term":[{"taxonomy":"category","embeddable":true,"href":"http:\/\/revistalaneta.com.mx\/index.php?rest_route=%2Fwp%2Fv2%2Fcategories&post=2455"},{"taxonomy":"post_tag","embeddable":true,"href":"http:\/\/revistalaneta.com.mx\/index.php?rest_route=%2Fwp%2Fv2%2Ftags&post=2455"}],"curies":[{"name":"wp","href":"https:\/\/api.w.org\/{rel}","templated":true}]}}