{"id":249,"date":"2022-08-19T05:24:00","date_gmt":"2022-08-19T05:24:00","guid":{"rendered":"http:\/\/revistalaneta.com.mx\/?p=249"},"modified":"2022-08-19T05:25:14","modified_gmt":"2022-08-19T05:25:14","slug":"sufre-accidente-ex-diputado-federal","status":"publish","type":"post","link":"http:\/\/revistalaneta.com.mx\/?p=249","title":{"rendered":"SUFRE ACCIDENTE EX DIPUTADO FEDERAL"},"content":{"rendered":"\n<p>El ex diputado federal por el Distrito 1 de Tamaulipas con cabecera en Nuevo Laredo, Salvador Rosas Quintanilla, sufri\u00f3 un accidente automovil\u00edstico en la carretera 35 de Texas, por lo que est\u00e1 hospitalizado, pero se le reporta estable. Aparentemente se le apag\u00f3 de repente la unidad motriz cuando viajaba de Laredo a San Antonio, y dada la velocidad que llevaba ocasion\u00f3 que esta se volcara. Para su fortuna la bolsa de aire hizo su funci\u00f3n y eso evit\u00f3 que la situaci\u00f3n pasara a mayores. Fue internado en el hospital University de San Antonio, Texas. Chava Rosas viene de ser diputado federal en la anterior legislatura por el Partido Acci\u00f3n Nacional (PAN) y pretendi\u00f3 reelegirse en el cargo en las elecciones del 2021, pero perdi\u00f3. Familiares y amigos han manifestado consternaci\u00f3n ante el accidente, y a la vez esperan que se recupere pronto. Que as\u00ed sea.<\/p>\n\n\n\n<p>SENTENCIA POR DEM\u00c1S CLARA<br \/>Tras conocer el veredicto de la Suprema Corte de Justicia de la Naci\u00f3n (SCJN) en torno a dejar sin efecto la orden de aprehensi\u00f3n en contra del Gobernador de Tamaulipas, Francisco Garc\u00eda Cabeza de Vaca, por presuntas irregularidades infringidas, el gobernador electo, Am\u00e9rico Villarreal Anaya, manifest\u00f3 su respeto a tal resoluci\u00f3n, aunque asever\u00f3 que el todav\u00eda mandatario estatal tendr\u00e1 que defenderse y enfrentar la ley como cualquier otro ciudadano, a partir del primero de octubre, en que justamente ya no tendr\u00e1 fuero como gobernador. De esta manera es entendible que Am\u00e9rico, una vez que asuma su cargo como gobernador, habr\u00e1 de proceder en contra del gobernador saliente. Cabe mencionar que fue este mi\u00e9rcoles cuando los Ministros de la Suprema Corte de Justicia de la Naci\u00f3n decidieron por unanimidad invalidar la orden de aprehensi\u00f3n por delincuencia organizada y lavado de dinero en contra de Francisco Garc\u00eda Cabeza de Vaca y con ello mantener su fuero como titular del Poder Ejecutivo de Tamaulipas.<\/p>\n\n\n\n<p>M\u00c1S REACCIONES A LA DECISI\u00d3N DE LA SCJN<br \/>Por su parte el delegado para Tamaulipas del Comit\u00e9 Ejecutivo Nacional (CEN) del Movimiento de Regeneraci\u00f3n Nacional (MORENA), Ernesto Palacios Cordero, fue m\u00e1s enf\u00e1tico al manifestar su rechazo a la decisi\u00f3n de la Suprema Corte de Justicia de la Naci\u00f3n (SCJN) en torno al caso del desafuero del Gobernador Francisco Garc\u00eda Cabeza de Vaca. El mencionado ofreci\u00f3 conferencia de prensa acompa\u00f1ado de diputados locales de la fracci\u00f3n parlamentaria de MORENA, que de la misma forma reprobaron la resoluci\u00f3n emitida, quienes manifestaron que en cuanto el mandatario estatal deje de tener fuero, que ser\u00e1 a partir del primer minuto del 1 de octubre, deber\u00e1 rendir cuentas ante la justicia. En contraparte Francisco Garc\u00eda Cabeza de Vaca en un mensaje en sus redes sociales manifest\u00f3 que la SCJN ratific\u00f3 que la soberan\u00eda de Tamaulipas. \u201cLa decisi\u00f3n de la Suprema Corte es muy importante, porque va m\u00e1s all\u00e1 de Tamaulipas, al hacer valer la Constituci\u00f3n y el Federalismo frente a los intereses pol\u00edticos sectarios\u201d, cit\u00f3.<\/p>\n\n\n\n<p>JUNTA DE CABILDO<br \/>Este mi\u00e9rcoles hubo sesi\u00f3n del Cabildo de Nuevo Laredo en la cual se aprob\u00f3 no incrementar los valores catastrales para el 2023. La propuesta fue presentada por la s\u00edndica Imelda Mangin Torre, y en su intervenci\u00f3n la alcaldesa Carmen Lilia Canturosas Villarreal dijo que esto se realiza para no desfavorecer a las familias neolaredenses que han vivido situaciones econ\u00f3micas complicadas a ra\u00edz de la pandemia. En esa misma sesi\u00f3n el regidor Jorge Ram\u00edrez Rubio y el s\u00edndico Jes\u00fas Jasso Montemayor, avalaron la inversi\u00f3n que el Gobierno Municipal de Nuevo Laredo ha hecho en los colectores pluviales, mismos que dijeron funcionaron muy bien con las pasadas lluvias, y con ello se demostr\u00f3 su efectividad.<\/p>\n\n\n\n<p>URGE DESTITUIR A ADMINISTRADORA DE AUTOPISTA<br \/>Urge la destituci\u00f3n de la administradora de la autopista que va de la Garita del Kil\u00f3metro 26 a La Gloria, ya que de plano no puede con el paquete encomendado, ya que contin\u00faan las largas filas en las casetas de cobro, lo que genera que los conductores tarden hasta 15 minutos en poder pagar y as\u00ed seguir su rumbo. Este mi\u00e9rcoles por la tarde pas\u00e9 por el lugar y di cuenta de como hab\u00eda una fila de casi un kil\u00f3metro antes de llegar a las casetas, y que por cierto solo hab\u00eda abiertas dos abiertas, esto en lo que corresponde a la l\u00ednea proveniente de Monterrey. No fue sino hasta que los conductores empezaron a pitar que abrieron una caseta m\u00e1s. As\u00ed que si la se\u00f1ora administradora de dicho lugar no puede con la tarea, que la quiten, y pongan a alguien m\u00e1s eficiente. \u00a1Ah y por cierto!, siguen sin poner servicios sanitarios en dicha autopista. Tanto que ganan y no tienen ni una mendiga bacinica.<\/p>\n\n\n\n<p>SE ELEVAN COSTOS DE DIDI\u00b4S<br \/>\u00daltimamente se han disparado los costos del servicio de transporte de la plataforma Didi, lo que ha generado que los usuarios pongan el grito en el cielo. Obviamente las alzas de precio se dan en las horas en que es mayor la demanda, pero en algunas ocasiones es tan exagerado el cobro, que alcanza hasta casi en los 2 mil pesos. Y s\u00ed, no es broma, tengo una captura de pantalla donde un Didi cobraba 1,946 pesos por un viaje del centro comercial Wal Mart al Kil\u00f3metro 13. Est\u00e1 bien que fue un d\u00eda en que hubo una intensa tormenta, pero cobrar casi 2 mil pesos por un viaje, es exagerado. No obstante se sabe que esto tambi\u00e9n es consecuencia de que ya no hay tantos Didi\u00b4s en servicio, pues muchos se han desanimado a seguir trabajando, m\u00e1s que nada por tantas sanciones que aplica la plataforma, y sobre todo porque muchos usuarios no tienen la cultura de la limpieza y creen que el pagar el servicio les da derecho a ensuciar feamente o hasta da\u00f1ar las unidades. Lamentablemente mucha gente no tiene educaci\u00f3n, y por unos la llevan todos.<\/p>\n\n\n\n<p>LO \u00daLTIMO<br \/>Muchas felicidades al compa\u00f1ero comunic\u00f3logo Guillermo Garza Castro, quien este jueves est\u00e1 cumpliendo un a\u00f1o m\u00e1s de vida, al igual que al doctor Mart\u00edn Mireles Garza, al director de Bienestar Social Municipal, Miguel \u00c1ngel Carrillo Barrios; a Carlos Alberto Felizardo Oliveros, del ISUS; al amigo Hugo Pe\u00f1a Pimentel y tambi\u00e9n al camarada Urbano Rivera, que de la misma forma est\u00e1n de manteles largos. \u00a1Muchos m\u00e1s d\u00edas de estos para ellos!\u2026 La Oficial\u00eda Tercera del Registro Civil de Nuevo Laredo cumpli\u00f3 tres d\u00edas sin Internet, debido a una falla en la zona que no ha podido atender el personal de la empresa que ofrece dicho servicio. Al respecto la titular de la dependencia, Nora Hinojosa Garc\u00eda, pide la comprensi\u00f3n de los usuarios, pues es un problema ajeno a ellos. Y es que sin Internet no se pueden hacer la mayor parte de los tr\u00e1mites que se efect\u00faan en dicha oficial\u00eda\u2026 Un nuevo sem\u00e1foro ha sido colocado en el crucero de Revoluci\u00f3n y Popocat\u00e9petl, con lo que se generar\u00e1 m\u00e1s retrasos al circular sobre el ahora Bulevar Revoluci\u00f3n. Pero ni modo, es mucho el tr\u00e1fico en dicho crucero.<\/p>\n","protected":false},"excerpt":{"rendered":"<p>El ex diputado federal por el Distrito 1 de Tamaulipas con cabecera en Nuevo Laredo, Salvador Rosas Quintanilla, sufri\u00f3 un accidente automovil\u00edstico en la carretera 35 de Texas, por lo &hellip; <a href=\"http:\/\/revistalaneta.com.mx\/?p=249\" class=\"more-link\">Leer m\u00e1s<\/a><\/p>\n","protected":false},"author":1,"featured_media":248,"comment_status":"open","ping_status":"open","sticky":false,"template":"","format":"standard","meta":{"footnotes":""},"categories":[2],"tags":[],"class_list":["post-249","post","type-post","status-publish","format-standard","has-post-thumbnail","hentry","category-chismorreo","entry"],"_links":{"self":[{"href":"http:\/\/revistalaneta.com.mx\/index.php?rest_route=\/wp\/v2\/posts\/249","targetHints":{"allow":["GET"]}}],"collection":[{"href":"http:\/\/revistalaneta.com.mx\/index.php?rest_route=\/wp\/v2\/posts"}],"about":[{"href":"http:\/\/revistalaneta.com.mx\/index.php?rest_route=\/wp\/v2\/types\/post"}],"author":[{"embeddable":true,"href":"http:\/\/revistalaneta.com.mx\/index.php?rest_route=\/wp\/v2\/users\/1"}],"replies":[{"embeddable":true,"href":"http:\/\/revistalaneta.com.mx\/index.php?rest_route=%2Fwp%2Fv2%2Fcomments&post=249"}],"version-history":[{"count":1,"href":"http:\/\/revistalaneta.com.mx\/index.php?rest_route=\/wp\/v2\/posts\/249\/revisions"}],"predecessor-version":[{"id":250,"href":"http:\/\/revistalaneta.com.mx\/index.php?rest_route=\/wp\/v2\/posts\/249\/revisions\/250"}],"wp:featuredmedia":[{"embeddable":true,"href":"http:\/\/revistalaneta.com.mx\/index.php?rest_route=\/wp\/v2\/media\/248"}],"wp:attachment":[{"href":"http:\/\/revistalaneta.com.mx\/index.php?rest_route=%2Fwp%2Fv2%2Fmedia&parent=249"}],"wp:term":[{"taxonomy":"category","embeddable":true,"href":"http:\/\/revistalaneta.com.mx\/index.php?rest_route=%2Fwp%2Fv2%2Fcategories&post=249"},{"taxonomy":"post_tag","embeddable":true,"href":"http:\/\/revistalaneta.com.mx\/index.php?rest_route=%2Fwp%2Fv2%2Ftags&post=249"}],"curies":[{"name":"wp","href":"https:\/\/api.w.org\/{rel}","templated":true}]}}