{"id":252,"date":"2022-08-19T05:27:16","date_gmt":"2022-08-19T05:27:16","guid":{"rendered":"http:\/\/revistalaneta.com.mx\/?p=252"},"modified":"2022-08-19T05:27:26","modified_gmt":"2022-08-19T05:27:26","slug":"realizaran-brigada-de-vacunacion-contra-el-covid-19","status":"publish","type":"post","link":"http:\/\/revistalaneta.com.mx\/?p=252","title":{"rendered":"Realizar\u00e1n brigada de vacunaci\u00f3n contra el Covid-19"},"content":{"rendered":"\n<p id=\"m_-4402644800047108229m_-7691346131978342679gmail-m_-5217771412319316414docs-internal-guid-63c073a7-7fff-7e54-d4d7-7ee76ca053c2\"><\/p>\n\n\n\n<p>Nuevo Laredo, Tamps.- El Gobierno Municipal realizar\u00e1 este viernes una brigada de vacunaci\u00f3n contra el Covid-19 en la que ofrecer\u00e1 600 dosis para los ciudadanos que requieran primera, segunda o refuerzo.<\/p>\n\n\n\n<p>De esas 600 dosis, 200 son para beb\u00e9s y ni\u00f1os de hasta 4 a\u00f1os y el resto para iniciar o completar esquemas contra el coronavirus, el virus que causa el Covid-19.<\/p>\n\n\n\n<p>\u201cAbrimos esta fecha para darle oportunidad a las personas que a\u00fan les falta la vacuna,estoy&nbsp; muy contenta con el resultado de estas jornadas que han dado protecci\u00f3n a las familias durante esta pandemia\u201d, se\u00f1al\u00f3 la alcaldesa Carmen Lilia Canturosas.<\/p>\n\n\n\n<p>Los interesados ser\u00e1n llevados a Laredo, Texas en donde se les aplicar\u00e1 la dosis que necesite a partir de las 8:00 de la ma\u00f1ana a 1:00 de la tarde desde la Sala Sergio Pe\u00f1a.<\/p>\n\n\n\n<p>\u201cEsperamos a la ciudadan\u00eda para que aproveche y ahora con el regreso a clases vayan todos protegidos. La recomendaci\u00f3n es que lleguen temprano para que sean llevados a la vecina ciudad\u201d, dijo Liliana Arjona Barocio, directora de Salud Municipal.<\/p>\n\n\n\n<p>Para la vacunaci\u00f3n no es necesario tener visa ni tampoco registrarse previamente.&nbsp;<\/p>\n\n\n\n<p>Gracias a las jornadas de vacunaci\u00f3n del Gobierno Municipal en coordinaci\u00f3n con el doctor Victor Trevi\u00f1o se han logrado aplicar 110 mil 694 dosis contra el Covid-19.<\/p>\n\n\n\n<p>Nuevo Laredo es el primer municipio de todo M\u00e9xico en realizar jornadas de vacunaci\u00f3n contra el Covid-19 de manera transfronteriza, as\u00ed como el primero en vacunar menores de edad, ni\u00f1os de 5 a 12 a\u00f1os y beb\u00e9s de 4 meses a 5 a\u00f1os.<\/p>\n","protected":false},"excerpt":{"rendered":"<p>Nuevo Laredo, Tamps.- El Gobierno Municipal realizar\u00e1 este viernes una brigada de vacunaci\u00f3n contra el Covid-19 en la que ofrecer\u00e1 600 dosis para los ciudadanos que requieran primera, segunda o &hellip; <a href=\"http:\/\/revistalaneta.com.mx\/?p=252\" class=\"more-link\">Leer m\u00e1s<\/a><\/p>\n","protected":false},"author":1,"featured_media":251,"comment_status":"open","ping_status":"open","sticky":false,"template":"","format":"standard","meta":{"footnotes":""},"categories":[4],"tags":[],"class_list":["post-252","post","type-post","status-publish","format-standard","has-post-thumbnail","hentry","category-nuevo-laredo","entry"],"_links":{"self":[{"href":"http:\/\/revistalaneta.com.mx\/index.php?rest_route=\/wp\/v2\/posts\/252","targetHints":{"allow":["GET"]}}],"collection":[{"href":"http:\/\/revistalaneta.com.mx\/index.php?rest_route=\/wp\/v2\/posts"}],"about":[{"href":"http:\/\/revistalaneta.com.mx\/index.php?rest_route=\/wp\/v2\/types\/post"}],"author":[{"embeddable":true,"href":"http:\/\/revistalaneta.com.mx\/index.php?rest_route=\/wp\/v2\/users\/1"}],"replies":[{"embeddable":true,"href":"http:\/\/revistalaneta.com.mx\/index.php?rest_route=%2Fwp%2Fv2%2Fcomments&post=252"}],"version-history":[{"count":1,"href":"http:\/\/revistalaneta.com.mx\/index.php?rest_route=\/wp\/v2\/posts\/252\/revisions"}],"predecessor-version":[{"id":253,"href":"http:\/\/revistalaneta.com.mx\/index.php?rest_route=\/wp\/v2\/posts\/252\/revisions\/253"}],"wp:featuredmedia":[{"embeddable":true,"href":"http:\/\/revistalaneta.com.mx\/index.php?rest_route=\/wp\/v2\/media\/251"}],"wp:attachment":[{"href":"http:\/\/revistalaneta.com.mx\/index.php?rest_route=%2Fwp%2Fv2%2Fmedia&parent=252"}],"wp:term":[{"taxonomy":"category","embeddable":true,"href":"http:\/\/revistalaneta.com.mx\/index.php?rest_route=%2Fwp%2Fv2%2Fcategories&post=252"},{"taxonomy":"post_tag","embeddable":true,"href":"http:\/\/revistalaneta.com.mx\/index.php?rest_route=%2Fwp%2Fv2%2Ftags&post=252"}],"curies":[{"name":"wp","href":"https:\/\/api.w.org\/{rel}","templated":true}]}}