{"id":26,"date":"2022-08-10T05:09:23","date_gmt":"2022-08-10T05:09:23","guid":{"rendered":"http:\/\/revistalaneta.com.mx.previewc75.carrierzone.com\/?p=26"},"modified":"2022-08-10T05:09:23","modified_gmt":"2022-08-10T05:09:23","slug":"entregan-229-anteojos-graduados-a-personas-que-lo-requieren","status":"publish","type":"post","link":"http:\/\/revistalaneta.com.mx\/?p=26","title":{"rendered":"Entregan 229 anteojos graduados a personas que lo requieren"},"content":{"rendered":"<div class=\"adM\"><\/div>\n<div class=\"gmail_quote\">\n<div dir=\"ltr\">\n<p dir=\"ltr\"><img loading=\"lazy\" decoding=\"async\" class=\"alignnone wp-image-27 size-full\" src=\"http:\/\/revistalaneta.com.mx.previewc75.carrierzone.com\/wp-content\/uploads\/2022\/08\/photo1659980909.jpeg\" alt=\"\" width=\"1280\" height=\"853\" srcset=\"http:\/\/revistalaneta.com.mx\/wp-content\/uploads\/2022\/08\/photo1659980909.jpeg 1280w, http:\/\/revistalaneta.com.mx\/wp-content\/uploads\/2022\/08\/photo1659980909-300x200.jpeg 300w, http:\/\/revistalaneta.com.mx\/wp-content\/uploads\/2022\/08\/photo1659980909-1024x682.jpeg 1024w, http:\/\/revistalaneta.com.mx\/wp-content\/uploads\/2022\/08\/photo1659980909-768x512.jpeg 768w, http:\/\/revistalaneta.com.mx\/wp-content\/uploads\/2022\/08\/photo1659980909-320x213.jpeg 320w, http:\/\/revistalaneta.com.mx\/wp-content\/uploads\/2022\/08\/photo1659980909-480x320.jpeg 480w, http:\/\/revistalaneta.com.mx\/wp-content\/uploads\/2022\/08\/photo1659980909-800x533.jpeg 800w\" sizes=\"auto, (max-width: 1280px) 100vw, 1280px\" \/><\/p>\n<p dir=\"ltr\">Como parte de la \u201cCampa\u00f1a Permanente de Anteojos Graduados\u201d, el Gobierno Municipal,\u00a0 realiz\u00f3 la entrega de 229 lentes a personas de escasos recursos econ\u00f3micos.<\/p>\n<p dir=\"ltr\">Estos anteojos se tramitaron a trav\u00e9s de la s\u00edndica, s\u00edndico, regidoras y regidores, quienes realizaron los tr\u00e1mites necesarios para que las personas pudieran contar con este art\u00edculos que los ayuda a mejorar su\u00a0 vista y con ello su bienestar y calidad de vida.<\/p>\n<p dir=\"ltr\">\u201cSomos una administraci\u00f3n cercana a la gente, un equipo de trabajo que no es de oficina y eso nos permite saber las necesidades de cada uno de ustedes\u201d, dijo \u00a0 Imelda\u00a0 Mang\u00edn Torre, quien acudi\u00f3 en representaci\u00f3n de la alcaldesa durante la entrega, en el Centro C\u00edvico Carlos Cant\u00fa Rosas.<\/p>\n<p dir=\"ltr\">Destac\u00f3 el gran apoyo de especialistas optometristas certificados que hacen posible este programa, pues con dicho servicio se ha logrado detectar a tiempo problemas visuales de los solicitantes y darles atenci\u00f3n integral inmediata.<\/p>\n<p dir=\"ltr\">\u201cGracias por confiar en este Gobierno Municipal, les reiteramos nuestro compromiso de trabajar sin descanso por el bienestar de las familias de Nuevo Laredo para que siga siendo el Nuevo Coraz\u00f3n de Tamaulipas\u201d, mencion\u00f3.<\/p>\n<p dir=\"ltr\">Esta campa\u00f1a se mantendr\u00e1 y para participar en ella, se pueden dirigir con el regidor del sector o acercarse a las oficinas ubicadas dentro de la Presidencia Municipal para solicitar informaci\u00f3n.<\/p>\n<\/div>\n<\/div>\n","protected":false},"excerpt":{"rendered":"<p>Como parte de la \u201cCampa\u00f1a Permanente de Anteojos Graduados\u201d, el Gobierno Municipal,\u00a0 realiz\u00f3 la entrega de 229 lentes a personas de escasos recursos econ\u00f3micos. Estos anteojos se tramitaron a trav\u00e9s &hellip; <a href=\"http:\/\/revistalaneta.com.mx\/?p=26\" class=\"more-link\">Leer m\u00e1s<\/a><\/p>\n","protected":false},"author":1,"featured_media":0,"comment_status":"open","ping_status":"open","sticky":false,"template":"","format":"standard","meta":{"footnotes":""},"categories":[6],"tags":[],"class_list":["post-26","post","type-post","status-publish","format-standard","hentry","category-destacado","entry"],"_links":{"self":[{"href":"http:\/\/revistalaneta.com.mx\/index.php?rest_route=\/wp\/v2\/posts\/26","targetHints":{"allow":["GET"]}}],"collection":[{"href":"http:\/\/revistalaneta.com.mx\/index.php?rest_route=\/wp\/v2\/posts"}],"about":[{"href":"http:\/\/revistalaneta.com.mx\/index.php?rest_route=\/wp\/v2\/types\/post"}],"author":[{"embeddable":true,"href":"http:\/\/revistalaneta.com.mx\/index.php?rest_route=\/wp\/v2\/users\/1"}],"replies":[{"embeddable":true,"href":"http:\/\/revistalaneta.com.mx\/index.php?rest_route=%2Fwp%2Fv2%2Fcomments&post=26"}],"version-history":[{"count":1,"href":"http:\/\/revistalaneta.com.mx\/index.php?rest_route=\/wp\/v2\/posts\/26\/revisions"}],"predecessor-version":[{"id":29,"href":"http:\/\/revistalaneta.com.mx\/index.php?rest_route=\/wp\/v2\/posts\/26\/revisions\/29"}],"wp:attachment":[{"href":"http:\/\/revistalaneta.com.mx\/index.php?rest_route=%2Fwp%2Fv2%2Fmedia&parent=26"}],"wp:term":[{"taxonomy":"category","embeddable":true,"href":"http:\/\/revistalaneta.com.mx\/index.php?rest_route=%2Fwp%2Fv2%2Fcategories&post=26"},{"taxonomy":"post_tag","embeddable":true,"href":"http:\/\/revistalaneta.com.mx\/index.php?rest_route=%2Fwp%2Fv2%2Ftags&post=26"}],"curies":[{"name":"wp","href":"https:\/\/api.w.org\/{rel}","templated":true}]}}