{"id":270,"date":"2022-08-19T05:40:59","date_gmt":"2022-08-19T05:40:59","guid":{"rendered":"http:\/\/revistalaneta.com.mx\/?p=270"},"modified":"2022-08-19T05:41:37","modified_gmt":"2022-08-19T05:41:37","slug":"ponen-en-marcha-cluster-logistico","status":"publish","type":"post","link":"http:\/\/revistalaneta.com.mx\/?p=270","title":{"rendered":"PONEN EN MARCHA CL\u00daSTER LOG\u00cdSTICO"},"content":{"rendered":"\n<p>Bajo el objetivo de hacer competitivo a Nuevo Laredo, e incluso a Tamaulipas, esto en el sector del comercio exterior, ha sido puesto en marcha el Cl\u00faster Log\u00edstico de Cadenas de Suministro de Tamaulipas, el cual ser\u00e1 dirigido por el reconocido empresario neolaredense, Mario Palos Garza. Este ambicioso proyecto sin duda alguna va a generar gran beneficio a Nuevo Laredo, ya que estamos hablando que ser\u00e1 una especie de \u201cmercado de abastos\u201d para los empresarios del ramo log\u00edstico, de tal forma que tendr\u00e1n aqu\u00ed todos los insumos que requieren, y con lo que ahorrar\u00e1n tiempo y dinero, y de esta forma contribuir\u00e1n de manera conjunta a hacer m\u00e1s competitivo a Nuevo Laredo y Tamaulipas, justamente en el \u00e1mbito log\u00edstico. El director de este proyecto ser\u00e1 Jorge Vi\u00f1als Ortiz de la Pe\u00f1a, un hombre experimentado en el desarrollo econ\u00f3mico.<\/p>\n\n\n\n<p>EL REY MIDAS DE NUEVO LAREDO<br \/>Y bueno en la presentaci\u00f3n este cl\u00faster estuvo como invitada especial la Presidenta Municipal, Carmen Lilia Canturosas Villarreal, quien se comprometi\u00f3 a brindar todo el apoyo de su gobierno para sacar adelante tan importante proyecto, en el entendido de que ser\u00e1 de gran beneficio para la ciudad, lo cual sabe muy bien Carmen Lilia en su calidad de agente aduanal. Adem\u00e1s estuvieron los que integrar\u00e1n el consejo directivo del referido cl\u00faster, y que son gente representativa de Nuevo Laredo, como es el caso de Yolanda Malag\u00f3n Medina, presidenta de la Asociaci\u00f3n de Agentes Aduanales; Jorge Luis Lozano Guajardo, presidente de la Central de Servicios de Carga; \u00c1ngel Hern\u00e1ndez, delegado de la C\u00e1mara Nacional del Autotransporte de Carga; H\u00e9ctor De la Miyar, presidente de la COPARMEX; Eliud Ci\u00e9nega, presidente de la CANACO; Rub\u00e9n L\u00f3pez, presidente de la CANACINTRA; Rodolfo Pe\u00f1a, presidente de INDEX; Alfonso Salas P\u00e9rez, Rector de la Universidad Tecnologica; Ren\u00e9 Salinas Salinas, director de la Facultad de Comercio, Administraci\u00f3n y Ciencias Sociales de la UAT; Octavio N\u00fa\u00f1ez, director del Instituto Tecnol\u00f3gico de Nuevo Laredo; Abiu Gonz\u00e1lez Ixba, Rector el Tec Milenio y Glafiro Montemayor Quintanilla, del proyecto Puente 4\/5. Pura gente experimentada en el comercio exterior, de ah\u00ed que se augure gran \u00e9xito a este proyecto, y sobre todo porque al frente del mismo est\u00e1 el Rey Midas de Nuevo Laredo, Don Mario Palos Garza.<\/p>\n\n\n\n<p>MOTIVA DUE\u00d1O DE JOMAR A J\u00d3VENES DE LA UT<br \/>Marcelino Mu\u00f1oz, due\u00f1o de Refaccionarias JOMAR, ofreci\u00f3 una conferencia motivacional a alumnos de la Universidad Tecnol\u00f3gica de Nuevo Laredo (UTNL). La verdad mis respetos para este se\u00f1or, que sabe como llegarles a los j\u00f3venes e incentivarlos a ser mejores en todos los sentidos. Su conferencia se denomina &#8220;Proyecto Prop\u00f3sito de Vida: Por qu\u00e9 y Para qu\u00e9 Vivir&#8221;, y lo ha impartido en diversas instituciones educativas, y en esta ocasi\u00f3n recibi\u00f3 la invitaci\u00f3n del Rector de la UTNL, Alfonso Salas P\u00e9rez, para hablar ante los j\u00f3venes de la UT, quienes se mostraron muy interesados en su pl\u00e1tica. Y es que Don Marcelino empieza diciendo algo muy cierto, y esto es que el hecho de nacer pobre no es culpa de uno, pero el hecho de seguir pobre a los 30 a\u00f1os, entonces s\u00ed es culpa de uno, y eso es algo que hay que cambiar. Y bueno pues esto forma parte de las acciones que Alfonso Salas lleva a cabo en la UT para motivar a los alumnos a ser mejores en todos los aspectos.<\/p>\n\n\n\n<p>VIENE EL RECTOR DE LA UAT<br \/>El pr\u00f3ximo lunes va a estar en Nuevo Laredo el Rector de la Universidad Aut\u00f3noma de Tamaulipas (UAT), Guillermo Mendoza Cavazos. Viene a poner en marcha el nuevo ciclo escolar tanto en la Facultad de Enfermer\u00eda, como en la Facultad de Comercio, Administraci\u00f3n y Ciencias Sociales. Cabe apuntar que Mendoza Cavazos ha estado teniendo una gran actividad desde que asumi\u00f3 su cargo, acudiendo a diversos campus universitarios, y as\u00ed conocer de cerca los proyectos educativos y tambi\u00e9n saber de las necesidades en los mismos, para darles soluci\u00f3n. La verdad ha estado sorprendiendo a propios y extra\u00f1os con su intenso trabajo y efectiva labor.<\/p>\n\n\n\n<p>LLEGAN M\u00c1S HA\u00cdTIANOS<br \/>Nuevamente Nuevo Laredo se est\u00e1 llenando de haitianos, toda vez que est\u00e1n llegando de diversas partes del pa\u00eds ya que les est\u00e1n llamando de la aduana americana, para ver lo de su situaci\u00f3n migratoria. En el transcurso de la semana han estado llegando poco a poco, pero el mi\u00e9rcoles arrib\u00f3 un grupo de 150, y para ayer jueves se esperaban otros 200 m\u00e1s. Se dice que el fin de semana tambi\u00e9n van a llegar m\u00e1s, que de momento se est\u00e1n asilando en el albergue municipal de Matamoros y Madero. Y estos son independientes a los que ya estaban, y que se guarecen tanto en los alrededores de la Casa del Migrante como en otro albergue ubicado en la colonia Del Maestro, al norponiente de la ciudad. Bueno, ojal\u00e1 los atiendan r\u00e1pido los gringos, para que le pongan.<\/p>\n\n\n\n<p>NO SOY RACISTA<br \/>Y no es que uno no quiera a los haitianos, o que sea uno racista (no se puede ser racista cuando igualmente se es prieto) lo que pasa es que su estancia en la ciudad s\u00ed genera muchas complicaciones, partiendo del hecho de que no son muy limpios que digamos, y ya no solo en su aseo personal, sino que ensucian mucho los sitios donde permanecen, pues como adolecen de la cultura de la limpieza. Adem\u00e1s, en su estancia por la ciudad la mayor\u00eda no trabaja, y as\u00ed pues uno no entiende a qu\u00e9 carajos quieren ir a Estados Unidos, donde se supone van a trabajar, por lo que lo m\u00e1s seguro es que van a pegarle a las estampillas. Bueno, sea como sea, que les vaya bien.<\/p>\n\n\n\n<p>QUEJA CONTRA EL CHURCH\u00b4S<br \/>Fui al restaurante Church\u00b4s de Guerrero y Per\u00fa y ped\u00ed el paquete de dos piezas, pero al pedir que me dieran dos muslos, me dijeron que eran 10 pesos m\u00e1s, \u201cpor el cambio de pieza\u201d, ya que supuestamente el paquete se compone de pierna y muslo. Los mand\u00e9 al carajo y me sal\u00ed. Todav\u00eda que uno les da preferencia, lo quieren joder por todos lados. Y s\u00ed, ya s\u00e9 que me quejo mucho, pero si no nos quejamos nos siguen jodiendo.<\/p>\n\n\n\n<p>LO \u00daLTIMO<br \/>El hecho de que el Presidente de M\u00e9xico, Andr\u00e9s Manuel L\u00f3pez Obrador, haya reconocido que est\u00e1 en desacuerdo con la decisi\u00f3n de la Suprema Corte de Justicia de la Naci\u00f3n (SCJN) para invalidar el proceso de desafuero contra el Gobernador de Tamaulipas, Francisco Garc\u00eda Cabeza de Vaca, y contra su aprehensi\u00f3n, y adem\u00e1s haya dicho que la resoluci\u00f3n del Poder Judicial no significa impunidad, es otra clara muestra de que el mandatario estatal pudiese afrontar problemas legales una vez que termine su mandato que es el 30 de septiembre\u2026 Este jueves se puso en marcha la campa\u00f1a de esterilizaci\u00f3n gratuita de 200 mascotas por parte&nbsp;del Gobierno Municipal de Nuevo Laredo, a trav\u00e9s de la Comisi\u00f3n Municipal de Salud Animal (COMUSA), y que tiene como objetivo combatir la sobrepoblaci\u00f3n animal. La esterilizaci\u00f3n de las mascotas representa un ahorro a los ciudadanos beneficiados de alrededor de 2 mil pesos\u2026 Reporta el amigo C\u00e9sar Johnson Villarreal, que la mayor\u00eda de las presas de ranchos de los alrededores ya se muestran llenan, esto luego de las intensas lluvias de los \u00faltimos d\u00edas. Tambi\u00e9n el r\u00edo Salado, que est\u00e1 a la altura el kil\u00f3metro 140 de la Carretera Nacional, tambi\u00e9n ya se con algo de agua, despu\u00e9s de que ya se estuviera secando.<\/p>\n","protected":false},"excerpt":{"rendered":"<p>Bajo el objetivo de hacer competitivo a Nuevo Laredo, e incluso a Tamaulipas, esto en el sector del comercio exterior, ha sido puesto en marcha el Cl\u00faster Log\u00edstico de Cadenas &hellip; <a href=\"http:\/\/revistalaneta.com.mx\/?p=270\" class=\"more-link\">Leer m\u00e1s<\/a><\/p>\n","protected":false},"author":1,"featured_media":269,"comment_status":"open","ping_status":"open","sticky":false,"template":"","format":"standard","meta":{"footnotes":""},"categories":[2],"tags":[],"class_list":["post-270","post","type-post","status-publish","format-standard","has-post-thumbnail","hentry","category-chismorreo","entry"],"_links":{"self":[{"href":"http:\/\/revistalaneta.com.mx\/index.php?rest_route=\/wp\/v2\/posts\/270","targetHints":{"allow":["GET"]}}],"collection":[{"href":"http:\/\/revistalaneta.com.mx\/index.php?rest_route=\/wp\/v2\/posts"}],"about":[{"href":"http:\/\/revistalaneta.com.mx\/index.php?rest_route=\/wp\/v2\/types\/post"}],"author":[{"embeddable":true,"href":"http:\/\/revistalaneta.com.mx\/index.php?rest_route=\/wp\/v2\/users\/1"}],"replies":[{"embeddable":true,"href":"http:\/\/revistalaneta.com.mx\/index.php?rest_route=%2Fwp%2Fv2%2Fcomments&post=270"}],"version-history":[{"count":1,"href":"http:\/\/revistalaneta.com.mx\/index.php?rest_route=\/wp\/v2\/posts\/270\/revisions"}],"predecessor-version":[{"id":271,"href":"http:\/\/revistalaneta.com.mx\/index.php?rest_route=\/wp\/v2\/posts\/270\/revisions\/271"}],"wp:featuredmedia":[{"embeddable":true,"href":"http:\/\/revistalaneta.com.mx\/index.php?rest_route=\/wp\/v2\/media\/269"}],"wp:attachment":[{"href":"http:\/\/revistalaneta.com.mx\/index.php?rest_route=%2Fwp%2Fv2%2Fmedia&parent=270"}],"wp:term":[{"taxonomy":"category","embeddable":true,"href":"http:\/\/revistalaneta.com.mx\/index.php?rest_route=%2Fwp%2Fv2%2Fcategories&post=270"},{"taxonomy":"post_tag","embeddable":true,"href":"http:\/\/revistalaneta.com.mx\/index.php?rest_route=%2Fwp%2Fv2%2Ftags&post=270"}],"curies":[{"name":"wp","href":"https:\/\/api.w.org\/{rel}","templated":true}]}}