{"id":286,"date":"2022-08-22T03:29:28","date_gmt":"2022-08-22T03:29:28","guid":{"rendered":"http:\/\/revistalaneta.com.mx\/?p=286"},"modified":"2022-08-22T03:29:52","modified_gmt":"2022-08-22T03:29:52","slug":"vence-plazo-para-registro-de-candidatos-a-lider-del-pan","status":"publish","type":"post","link":"http:\/\/revistalaneta.com.mx\/?p=286","title":{"rendered":"VENCE PLAZO PARA REGISTRO DE CANDIDATOS A L\u00cdDER DEL PAN"},"content":{"rendered":"\n<p>Este s\u00e1bado vence el registro de candidatos a la presidencia del comit\u00e9 estatal del Partido Acci\u00f3n Nacional (PAN) de Tamaulipas, y hasta el momento solo se sabe de la inscripci\u00f3n de Luis Ren\u00e9 Cant\u00fa Galv\u00e1n, actual dirigente de dicho instituto pol\u00edtico, y quien pretende reelegirse. Mucho se hablaba del inter\u00e9s de un nutrido grupo de panistas, que est\u00e1n justamente en contra de la reelecci\u00f3n de \u201cEl Cachorro\u201d Cant\u00fa, al considerarlo no apto para continuar al frente del blanquiazul, m\u00e1s que nada ante los malos resultados que obtuvo en las dos \u00faltimas elecciones, y que por lo tanto buscar\u00edan sacar un candidato que le haga frente, pero se desconoce si lo han hecho, pues a decir verdad Cant\u00fa Galv\u00e1n se ha movilizado para conseguir el respaldo de los l\u00edderes panistas, y se ve dif\u00edcil que lo puedan vencer en la contienda interna programada a realizarse el 2 de octubre. Sin embargo si llega a surgir otro candidato, bien podr\u00eda hacerle mella. Pero s\u00ed solo queda \u00e9l registrado, pues ser\u00e1 candidato de unidad.<\/p>\n\n\n\n<p>VIENEN M\u00c1S LLUVIAS<br \/>A partir del domingo se esperan m\u00e1s lluvias en Nuevo Laredo y la regi\u00f3n, esto como consecuencia de la presencia de una tormenta tropical que se espera entre a territorio tamaulipeco, y concretamente a la franja fronteriza, el s\u00e1bado por la noche, por lo que hay que estar preparados. Claro que muchos dir\u00e1n que ya no queremos agua, despu\u00e9s de las intensas tormentas que tuvimos en d\u00edas pasados, pero bueno la realidad es que hay que agradecer la bendici\u00f3n de la lluvia, sobre todo cuando ya ten\u00edamos mucho tiempo de que no se presentaba.<\/p>\n\n\n\n<p>EXTIENDEN PLAZO DEL PAGO DE RECARGOS DEL PREDIAL<br \/>El Cabildo de Nuevo Laredo aprob\u00f3 ampliar hasta el mes de septiembre el descuento del 100 por ciento en recargos del impuesto predial. Esto se dio en la sesi\u00f3n de este viernes, siendo presentada la propuesta por la sindica Imelda Mangin Torre, y avalada por los miembros del cuerpo edilicio. Al respecto la Presidenta Municipal, Carmen Lilia Canturosas Villarreal, invit\u00f3 a la ciudadan\u00eda a aprovechar esta oportunidad y as\u00ed se pongan al corriente en el pago de su predial, y de paso contribuyan a que el gobierno municipal reciba m\u00e1s participaciones federales, que habr\u00e1n de transformarse a su vez en m\u00e1s y mejores obras para la ciudad. No hay que olvidar que la entrega de participaciones federales, depende del porcentaje de predial pagado, as\u00ed que entre m\u00e1s cuentas se liquiden, m\u00e1s dinero de recibe.<\/p>\n\n\n\n<p>RECONOCEN LABOR DE ACAD\u00c9MICOS DE LA UAT<br \/>Acad\u00e9micos de la Universidad Aut\u00f3noma de Tamaulipas que han cumplido hasta 50 a\u00f1os de trabajo ininterrumpido en esta casa de estudios, fueron reconocidos en su labor por el Rector de la UAT, Guillermo Mendoza Cavazos. El mencionado presidi\u00f3 la Entrega de Reconocimientos a la Trayectoria Docente, en el Teatro Ju\u00e1rez de la UAT, y donde tambi\u00e9n hizo tambi\u00e9n entrega del nombramiento de Decano de la UAT al CP Luis Navarro Roso. En la ceremonia estuvo acompa\u00f1ado del Dr. Eduardo Arvizu S\u00e1nchez, Secretario General de la UAT, as\u00ed como del Maestro Luis Gerardo Galv\u00e1n Velazco, Secretario General Estatal del Sindicato \u00danico de Trabajadores Acad\u00e9micos (SUTAUAT), titulares de las secretar\u00edas de la administraci\u00f3n central y directivos de los planteles universitarios de Ciudad Victoria y de la zona norte del estado, que fueron los homenajeados. En su mensaje, el Rector Guillermo Mendoza Cavazos dijo que la UAT reconoce a sus catedr\u00e1ticos y sus experiencias de ense\u00f1anza como el impulso que ha permitido a la instituci\u00f3n avanzar en niveles de excelencia educativa.<\/p>\n\n\n\n<p>ANALIZA L\u00cdDER DEL SNTE TAMAULIPAS NUEVO MODELO EDUCATIVO<br \/>El secretario general de la Secci\u00f3n 30 del Sindicato Nacional de Trabajadores de la Educaci\u00f3n (SNTE), Jos\u00e9 Rigoberto Guevara V\u00e1zquez, particip\u00f3 en las reuniones nacionales encabezadas por Alfonso Cepeda Salas, secretario general del SNTE, con Claudia Sheinbaum Pardo, Jefa de Gobierno de la Cd. de M\u00e9xico, y donde se abord\u00f3 lo relativo a los planes y programas&nbsp;de estudio para la educaci\u00f3n&nbsp;b\u00e1sica. En este sentido Guevara V\u00e1zquez hizo saber que se est\u00e1 analizando el nuevo modelo educativo, que se enfoca en la inclusi\u00f3n, equidad, atenci\u00f3n a quienes m\u00e1s lo requieren, as\u00ed como una mayor inversi\u00f3n en las escuelas, por lo que asegur\u00f3 estar\u00e1 muy pendiente de dicho tema que impacta en el inter\u00e9s primordial de la educaci\u00f3n, la formaci\u00f3n de los alumnos. Asimismo anunci\u00f3 que se realizar\u00e1n reuniones de trabajo donde se concentrar\u00e1n l\u00edderes e integrantes de las diversas secciones del SNTE, a realizarse este 18 y 19 de agosto en la Ciudad de M\u00e9xico.<\/p>\n\n\n\n<p>LO \u00daLTIMO<br \/>Felicitaciones anticipadas a C\u00e9sar Johnson Santos, Hilda Quiroga, Mario Cervantes Mendoza y Edgar L\u00f3pez Rend\u00f3n, quienes el domingo cumplen un a\u00f1o m\u00e1s de vida. \u00a1P\u00e1senla padre!\u2026 Va a ser en el Centro Cultural de Nuevo Laredo donde se rinda el Primer Informe de Gobierno de Carmen Lilia Canturosas Villarreal, y que se espera se realice en el mes de septiembre, a\u00fan con fecha por definir. Pero por mientras y por lo tanto el Centro Cultural ya fue designado como recinto oficial\u2026 La detenci\u00f3n del ex Procurador General de la Rep\u00fablica, Jes\u00fas Murillo Karam, representa un gran golpe a la impunidad, pues el susodicho nunca quiso atender debidamente el caso de la desaparici\u00f3n de los 43 normalistas de Ayotzinapa, motivo por el cual fue detenido y ahora deber\u00e1 afrontar ese caso, que no quiso afrontar como funcionario federal. Que bueno, que pague\u2026 Cuando venga el diablo por mi le voy a poner canciones del Kommander, de Maluma y Bad Bunny, para que vea que el verdadero infierno est\u00e1 aqu\u00ed en la tierra.<\/p>\n","protected":false},"excerpt":{"rendered":"<p>Este s\u00e1bado vence el registro de candidatos a la presidencia del comit\u00e9 estatal del Partido Acci\u00f3n Nacional (PAN) de Tamaulipas, y hasta el momento solo se sabe de la inscripci\u00f3n &hellip; <a href=\"http:\/\/revistalaneta.com.mx\/?p=286\" class=\"more-link\">Leer m\u00e1s<\/a><\/p>\n","protected":false},"author":1,"featured_media":285,"comment_status":"open","ping_status":"open","sticky":false,"template":"","format":"standard","meta":{"footnotes":""},"categories":[2],"tags":[],"class_list":["post-286","post","type-post","status-publish","format-standard","has-post-thumbnail","hentry","category-chismorreo","entry"],"_links":{"self":[{"href":"http:\/\/revistalaneta.com.mx\/index.php?rest_route=\/wp\/v2\/posts\/286","targetHints":{"allow":["GET"]}}],"collection":[{"href":"http:\/\/revistalaneta.com.mx\/index.php?rest_route=\/wp\/v2\/posts"}],"about":[{"href":"http:\/\/revistalaneta.com.mx\/index.php?rest_route=\/wp\/v2\/types\/post"}],"author":[{"embeddable":true,"href":"http:\/\/revistalaneta.com.mx\/index.php?rest_route=\/wp\/v2\/users\/1"}],"replies":[{"embeddable":true,"href":"http:\/\/revistalaneta.com.mx\/index.php?rest_route=%2Fwp%2Fv2%2Fcomments&post=286"}],"version-history":[{"count":1,"href":"http:\/\/revistalaneta.com.mx\/index.php?rest_route=\/wp\/v2\/posts\/286\/revisions"}],"predecessor-version":[{"id":287,"href":"http:\/\/revistalaneta.com.mx\/index.php?rest_route=\/wp\/v2\/posts\/286\/revisions\/287"}],"wp:featuredmedia":[{"embeddable":true,"href":"http:\/\/revistalaneta.com.mx\/index.php?rest_route=\/wp\/v2\/media\/285"}],"wp:attachment":[{"href":"http:\/\/revistalaneta.com.mx\/index.php?rest_route=%2Fwp%2Fv2%2Fmedia&parent=286"}],"wp:term":[{"taxonomy":"category","embeddable":true,"href":"http:\/\/revistalaneta.com.mx\/index.php?rest_route=%2Fwp%2Fv2%2Fcategories&post=286"},{"taxonomy":"post_tag","embeddable":true,"href":"http:\/\/revistalaneta.com.mx\/index.php?rest_route=%2Fwp%2Fv2%2Ftags&post=286"}],"curies":[{"name":"wp","href":"https:\/\/api.w.org\/{rel}","templated":true}]}}