{"id":289,"date":"2022-08-22T03:31:39","date_gmt":"2022-08-22T03:31:39","guid":{"rendered":"http:\/\/revistalaneta.com.mx\/?p=289"},"modified":"2022-08-22T03:32:15","modified_gmt":"2022-08-22T03:32:15","slug":"participa-seccion-30-del-snte-en-reuniones-para-analizar-el-nuevo-modelo-educativo-en-mexico","status":"publish","type":"post","link":"http:\/\/revistalaneta.com.mx\/?p=289","title":{"rendered":"Participa Secci\u00f3n 30 del SNTE en reuniones para analizar el nuevo modelo educativo en M\u00e9xico"},"content":{"rendered":"\n<p><\/p>\n\n\n\n<p>Cd. de M\u00e9xico.- \u201cLa participaci\u00f3n de todos y la visi\u00f3n de c\u00f3mo se encuentra cada entidad en materia educativa, es primordial para sentar las bases de la Nueva Escuela Mexicana\u201d, manifest\u00f3 el Secretario General \u00a0de la Secci\u00f3n 30 del Sindicato Nacional de Trabajadores de la Educaci\u00f3n (SNTE), Jos\u00e9 Rigoberto Guevara V\u00e1zquez.<\/p>\n\n\n\n<p>Lo anterior, al participar en las reuniones nacionales encabezadas por el Maestro Alfonso Cepeda Salas, Secretario General del SNTE &nbsp;con la Lic. Claudia Sheinbaum Pardo, Jefa de Gobierno de la Cd. de M\u00e9xico, donde abordan lo relativo a los planes y programas &nbsp;de estudio para la educaci\u00f3n &nbsp;b\u00e1sica.<\/p>\n\n\n\n<p>El l\u00edder del magisterio tamaulipeco, se\u00f1al\u00f3 que se est\u00e1 analizando el nuevo modelo educativo, que se enfoca en la inclusi\u00f3n, equidad, atenci\u00f3n a quienes m\u00e1s lo requieren, as\u00ed como una mayor inversi\u00f3n en las escuelas.<\/p>\n\n\n\n<p>\u201cPor ello estaremos muy pendientes de este tema que impacta en el inter\u00e9s primordial de la educaci\u00f3n, la formaci\u00f3n de nuestras ni\u00f1as y ni\u00f1os, sin duda ser\u00e1 un asunto del cual estaremos atentos todas las secciones y bajo la gu\u00eda de nuestro l\u00edder nacional que como siempre deja de manifiesto su apertura y di\u00e1logo\u201d, precis\u00f3.<\/p>\n\n\n\n<p>Las reuniones de trabajo donde se concentran l\u00edderes e integrantes de las diversas secciones del SNTE, se llevar\u00e1n a cabo este 18 y 19 de agosto en la Ciudad de M\u00e9xico.<\/p>\n","protected":false},"excerpt":{"rendered":"<p>Cd. de M\u00e9xico.- \u201cLa participaci\u00f3n de todos y la visi\u00f3n de c\u00f3mo se encuentra cada entidad en materia educativa, es primordial para sentar las bases de la Nueva Escuela Mexicana\u201d, &hellip; <a href=\"http:\/\/revistalaneta.com.mx\/?p=289\" class=\"more-link\">Leer m\u00e1s<\/a><\/p>\n","protected":false},"author":1,"featured_media":288,"comment_status":"open","ping_status":"open","sticky":false,"template":"","format":"standard","meta":{"footnotes":""},"categories":[4],"tags":[],"class_list":["post-289","post","type-post","status-publish","format-standard","has-post-thumbnail","hentry","category-nuevo-laredo","entry"],"_links":{"self":[{"href":"http:\/\/revistalaneta.com.mx\/index.php?rest_route=\/wp\/v2\/posts\/289","targetHints":{"allow":["GET"]}}],"collection":[{"href":"http:\/\/revistalaneta.com.mx\/index.php?rest_route=\/wp\/v2\/posts"}],"about":[{"href":"http:\/\/revistalaneta.com.mx\/index.php?rest_route=\/wp\/v2\/types\/post"}],"author":[{"embeddable":true,"href":"http:\/\/revistalaneta.com.mx\/index.php?rest_route=\/wp\/v2\/users\/1"}],"replies":[{"embeddable":true,"href":"http:\/\/revistalaneta.com.mx\/index.php?rest_route=%2Fwp%2Fv2%2Fcomments&post=289"}],"version-history":[{"count":1,"href":"http:\/\/revistalaneta.com.mx\/index.php?rest_route=\/wp\/v2\/posts\/289\/revisions"}],"predecessor-version":[{"id":290,"href":"http:\/\/revistalaneta.com.mx\/index.php?rest_route=\/wp\/v2\/posts\/289\/revisions\/290"}],"wp:featuredmedia":[{"embeddable":true,"href":"http:\/\/revistalaneta.com.mx\/index.php?rest_route=\/wp\/v2\/media\/288"}],"wp:attachment":[{"href":"http:\/\/revistalaneta.com.mx\/index.php?rest_route=%2Fwp%2Fv2%2Fmedia&parent=289"}],"wp:term":[{"taxonomy":"category","embeddable":true,"href":"http:\/\/revistalaneta.com.mx\/index.php?rest_route=%2Fwp%2Fv2%2Fcategories&post=289"},{"taxonomy":"post_tag","embeddable":true,"href":"http:\/\/revistalaneta.com.mx\/index.php?rest_route=%2Fwp%2Fv2%2Ftags&post=289"}],"curies":[{"name":"wp","href":"https:\/\/api.w.org\/{rel}","templated":true}]}}