{"id":2893,"date":"2022-12-16T14:23:05","date_gmt":"2022-12-16T14:23:05","guid":{"rendered":"http:\/\/revistalaneta.com.mx\/?p=2893"},"modified":"2022-12-16T14:23:30","modified_gmt":"2022-12-16T14:23:30","slug":"nuevo-vuelo-nuevo-laredo-tampico","status":"publish","type":"post","link":"http:\/\/revistalaneta.com.mx\/?p=2893","title":{"rendered":"NUEVO VUELO NUEVO LAREDO-TAMPICO"},"content":{"rendered":"\n<p>Ya es oficial que Nuevo Laredo tendr\u00e1 un nuevo vuelo, que en este caso ser\u00e1 a Tampico, esto seg\u00fan lo anunci\u00f3 el Secretario de Turismo del Estado de Tamaulipas, Benjam\u00edn Hern\u00e1ndez Rodr\u00edguez, al dar a conocer que el puerto jaibo ha asegurado tres nuevos vuelos hacia diferentes destinos del pa\u00eds, con la compa\u00f1\u00eda Viva Aerob\u00fas, siendo estos a M\u00e9rida, Guadalajara y Nuevo Laredo. Sobre el vuelo de Nuevo Laredo a Tampico autoridades municipales neolaredenses ya hab\u00edan dejado entrever algo hace tiempo, pero dijeron que se esperar\u00edan para ver si se confirmaba, pero ya se adelant\u00f3 el Secretario de Turismo, y pr\u00e1cticamente lo ha confirmado. No obstante no hay fecha a\u00fan para que entre en operaciones este nuevo vuelo, pero se espera que sea a partir del a\u00f1o entrante. \u00a1As\u00ed que todos a comer mariscos a Tampico!<\/p>\n\n\n\n<p>ELEVA NUEVO LAREDO SU \u00cdNDICE DE COMPETITIVIDAD<br \/>Una vez m\u00e1s Nuevo Laredo ha elevado su \u00edndice de competitividad y con ello ha pasado del sexto al cuarto lugar, de acuerdo con el \u00faltimo estudio del \u00cdndice de Competitividad Urbana 2022, elaborado por el Instituto Mexicano para la Competitividad (IMCO). En lo que respecta a los municipios que tienen de 250 mil a 500 mil habitantes, Nuevo Laredo fue el \u00fanico de Tamaulipas en situarse dentro del Top 5, y a la vez ser la primera ciudad fronteriza que aparece en el \u00edndice de ese rango. En este tenor la alcaldesa Carmen Lilia Canturosas Villarreal se mostr\u00f3 satisfecha por dicho resultado, destacando que dicha evaluaci\u00f3n es gracias al trabajo que su gobierno lleva a efecto para impulsar el desarrollo econ\u00f3mico y fortalecer el liderazgo comercial y log\u00edstico de la ciudad, adem\u00e1s de las grandes mejoras a la infraestructura con lo que se han generado las condiciones para atraer inversi\u00f3n nacional y extranjera.<\/p>\n\n\n\n<p>LLEGAN MILES DE PAISANOS<br \/>M\u00e1s de 9 mil 200 paisanos, a bordo de 2 mil 380 veh\u00edculos, fueron los que ingresaron este jueves por la ma\u00f1ana a M\u00e9xico, a trav\u00e9s de Nuevo Laredo, y que provienen de diferentes partes de los Estados Unidos, en lo que es la caravana m\u00e1s grande de connacionales, con rumbo a sus ciudades de origen en nuestro pa\u00eds. Los paisanos fueron asistidos por autoridades de los tres niveles de gobierno en un operativo coordinado por personal de Protecci\u00f3n Civil de Nuevo Laredo, el Instituto Nacional de Migraci\u00f3n (INM), la Secretar\u00eda de la Defensa Nacional, la Guardia Nacional, la Guardia Estatal, y dem\u00e1s dependencias de los tres niveles de gobierno, y supervisado directamente por la alcaldesa Carmen Lilia Canturosas Villarreal. Todav\u00eda se esperan m\u00e1s caravanas, que igualmente seguir\u00e1n teniendo todas las facilidades en su paso hacia el interior del pa\u00eds.<\/p>\n\n\n\n<p>FR\u00cdA NAVIDAD<br \/>Una navidad muy fr\u00eda se avecina para los neolaredenses, ya que el pron\u00f3stico del tiempo establece que a partir de este viernes se viene un cambio en la temperatura, que har\u00e1 descender el term\u00f3metro hasta los 9 grados cent\u00edgrados, y en este promedio se mantendr\u00e1 para el fin de semana, pero para el martes de la semana entrante se espera que la temperatura baje a una m\u00ednima de 7 grados, y el mi\u00e9rcoles a 5 grados, y para el jueves y viernes estaremos a grado de congelaci\u00f3n y para el s\u00e1bado 24, que es la Nochebuena, la temperatura m\u00ednima oscilar\u00e1 en los 2 grados cent\u00edgrados, y as\u00ed se mantendr\u00e1 el domingo 25 de diciembre. Y en la \u00faltima semana del a\u00f1o tambi\u00e9n se espera clima fr\u00edo, por lo que igualmente ser\u00e1 g\u00e9lida la \u00faltima noche de este 2022. As\u00ed que a tomar precauciones.<\/p>\n\n\n\n<p>EL DESFILE NAVIDE\u00d1O PARA EL S\u00c1BADO<br \/>Y bueno aun cuando para este s\u00e1bado se espera que estemos entre los 13 y 8 grados cent\u00edgrados, como quiera se va a llevar a cabo el ya tradicional Desfile Navide\u00f1o, de ah\u00ed que se exhorte a los ciudadanos que van a salir a presenciar a los participantes, a que se abriguen adecuadamente, esto a fin de que no se vayan a enfermar. El desfile arranca a partir de las seis de la tarde del crucero de Reforma y 15 de Septiembre y recorrer\u00e1 diversas calles de la ciudad, con una gran participaci\u00f3n de contingentes. As\u00ed que sin duda ser\u00e1 un gran espect\u00e1culo digno de presenciar.<\/p>\n\n\n\n<p>DETECTAN ILEGALIDADES A PASADAS AUTORIDADES DE ECONOM\u00cdA<br \/>Diversas irregularidades que ascienden a un monto superior a los 32 millones de pesos, han sido detectadas en la Secretar\u00eda de Desarrollo Econ\u00f3mico, y las cuales fueron incurridas por las anteriores autoridades estatales de dicha dependencia. Esto ha sido dado a conocer por la nueva titular de esa \u00e1rea, Ninfa Cant\u00fa De\u00e1ndar, quien se\u00f1al\u00f3 que tras concluido el proceso de entrega-recepci\u00f3n se han detectado las ilegalidades, que van desde la asignaci\u00f3n, ejecuci\u00f3n y pago de contratos de servicios profesionales, seguridad, jardiner\u00eda, promoci\u00f3n y de comunicaci\u00f3n en los cuales presumi\u00f3 abuso de autoridad, simulaci\u00f3n, cohecho y falta de evidencia de su celebraci\u00f3n. Igualmente dijo que se han detectado empresas y asociaciones favorecidas en adjudicaciones directas, proveedores beneficiados de forma constante y propuestas econ\u00f3micas exageradas, entre otras irregularidades que en conjunto suman a la fecha m\u00e1s de 32 millones de pesos.<\/p>\n\n\n\n<p>ABOGADOS TOMAR\u00c1N PARTE EN FORO DE CONSULTA<br \/>La Federaci\u00f3n de Asociaciones de Abogados de Tamaulipas \u201cLic. Javier L\u00f3pez R\u00edos A.C.\u201d ha sido invitada por la Secretar\u00eda del Trabajo del Gobierno del Estado a participar en el Foro de Consulta del Plan Estatal de Desarrollo que se efectuar\u00e1 de manera virtual v\u00eda Zoom el pr\u00f3ximo 19 de diciembre a partir de las cinco de la tarde. El presidente de dicho organismo, licenciado Arturo Javier L\u00f3pez C\u00f3rdova, ha dicho que con mucho gusto los organismos pertenecientes a dicha Federaci\u00f3n habr\u00e1n de tomar parte en tan importante evento, pues calific\u00f3 fundamental que los abogados aporten sus ideas a dicho proyecto, que en este caso organiza la Secretaria de Trabajo, Olga Sosa Ruiz.<\/p>\n\n\n\n<p>LO \u00daLTIMO<br \/>La Oficial\u00eda Primera del Registro Civil laborar\u00e1 de manera normal en lo que resta del presente a\u00f1o, pues el personal no tendr\u00e1 vacaciones, esto de acuerdo con lo informado por Ana Santos, titular de dicha dependencia. Pues que bien, porque de repente la ciudadan\u00eda requiere de un tr\u00e1mite, y as\u00ed pueden efectuarlo\u2026 Abuelitos integrantes de la Casa Club del Adulto Activo del Sistema DIF, estar\u00e1n este viernes de las 10 de la ma\u00f1ana a la 1 de la tarde en la Casa Club ubicada en Laguna del Norte 5350 de la colonia Infonavit Fundadores, ofertando variados productos elaborados por ellos mismos como parte de sus actividades en el Taller de Manualidades y Pintura que cursan en las instalaciones del mismo DIF. Hay que ir a apoyarles\u2026 Este viernes es el \u00faltimo d\u00eda de clases del presente a\u00f1o, pues la chamacada sale de vacaciones y regresar\u00e1 a las aulas hasta el 9 de enero. De hecho este d\u00eda ser\u00e1 de puros festivales navide\u00f1os\u2026 La Asociaci\u00f3n de Periodistas de Tamaulipas (APT) que dirige el amigo Jos\u00e9 Luis Zapata, rindi\u00f3 un homenaje p\u00f3stumo al colega y amigo Cuauht\u00e9moc D\u00edaz Mart\u00ednez, a quien se le recuerda con cari\u00f1o. Bien por ello.<\/p>\n","protected":false},"excerpt":{"rendered":"<p>Ya es oficial que Nuevo Laredo tendr\u00e1 un nuevo vuelo, que en este caso ser\u00e1 a Tampico, esto seg\u00fan lo anunci\u00f3 el Secretario de Turismo del Estado de Tamaulipas, Benjam\u00edn &hellip; <a href=\"http:\/\/revistalaneta.com.mx\/?p=2893\" class=\"more-link\">Leer m\u00e1s<\/a><\/p>\n","protected":false},"author":1,"featured_media":2892,"comment_status":"open","ping_status":"open","sticky":false,"template":"","format":"standard","meta":{"footnotes":""},"categories":[2,3],"tags":[],"class_list":["post-2893","post","type-post","status-publish","format-standard","has-post-thumbnail","hentry","category-chismorreo","category-opinion","entry"],"_links":{"self":[{"href":"http:\/\/revistalaneta.com.mx\/index.php?rest_route=\/wp\/v2\/posts\/2893","targetHints":{"allow":["GET"]}}],"collection":[{"href":"http:\/\/revistalaneta.com.mx\/index.php?rest_route=\/wp\/v2\/posts"}],"about":[{"href":"http:\/\/revistalaneta.com.mx\/index.php?rest_route=\/wp\/v2\/types\/post"}],"author":[{"embeddable":true,"href":"http:\/\/revistalaneta.com.mx\/index.php?rest_route=\/wp\/v2\/users\/1"}],"replies":[{"embeddable":true,"href":"http:\/\/revistalaneta.com.mx\/index.php?rest_route=%2Fwp%2Fv2%2Fcomments&post=2893"}],"version-history":[{"count":1,"href":"http:\/\/revistalaneta.com.mx\/index.php?rest_route=\/wp\/v2\/posts\/2893\/revisions"}],"predecessor-version":[{"id":2894,"href":"http:\/\/revistalaneta.com.mx\/index.php?rest_route=\/wp\/v2\/posts\/2893\/revisions\/2894"}],"wp:featuredmedia":[{"embeddable":true,"href":"http:\/\/revistalaneta.com.mx\/index.php?rest_route=\/wp\/v2\/media\/2892"}],"wp:attachment":[{"href":"http:\/\/revistalaneta.com.mx\/index.php?rest_route=%2Fwp%2Fv2%2Fmedia&parent=2893"}],"wp:term":[{"taxonomy":"category","embeddable":true,"href":"http:\/\/revistalaneta.com.mx\/index.php?rest_route=%2Fwp%2Fv2%2Fcategories&post=2893"},{"taxonomy":"post_tag","embeddable":true,"href":"http:\/\/revistalaneta.com.mx\/index.php?rest_route=%2Fwp%2Fv2%2Ftags&post=2893"}],"curies":[{"name":"wp","href":"https:\/\/api.w.org\/{rel}","templated":true}]}}