{"id":2896,"date":"2022-12-17T14:38:54","date_gmt":"2022-12-17T14:38:54","guid":{"rendered":"http:\/\/revistalaneta.com.mx\/?p=2896"},"modified":"2022-12-17T14:40:34","modified_gmt":"2022-12-17T14:40:34","slug":"confirman-comite-de-apoyo-amigos-de-claudia-en-nuevo-laredo","status":"publish","type":"post","link":"http:\/\/revistalaneta.com.mx\/?p=2896","title":{"rendered":"Confirman comit\u00e9 de apoyo \u201cAmigos de Claudia\u201d en Nuevo Laredo"},"content":{"rendered":"\n<p><\/p>\n\n\n\n<p>Nuevo Laredo, Tamps.- Con la finalidad de sentar las bases para la creaci\u00f3n de los comit\u00e9s de apoyo denominados &#8216;Amigos de Claudia&#8217;, este viernes estuvieron en Diego Hern\u00e1ndez Guti\u00e9rrez, coordinador nacional de la doctora Claudia Sheinbaum, y Marco Antonio Batarse, coordinador en Tamaulipas.<\/p>\n\n\n\n<p>En conferencia de prensa, Diego Hern\u00e1ndez di\u00f3 a conocer que este d\u00eda conformaron el Comit\u00e9 Distrital, mismo que qued\u00f3 a cargo de Sergio Ojeda Castillo y qui\u00e9n ser\u00e1 el encargado de integrar los comit\u00e9s municipales que apoyar\u00e1n este movimiento de la 4 Transformaci\u00f3n.<\/p>\n\n\n\n<p>&#8220;Vinimos a Nuevo Laredo a conformar el \u00faltimo comit\u00e9 distrital que nos hace falta en Tamaulipas, ya por fin estamos aqu\u00ed, una tierra de gente trabajadora y entrona&#8221;, dijo Marco Batarse.<\/p>\n\n\n\n<p>Por su parte el coordinador del movimiento nacional de Claudia Sheinbaum, dej\u00f3 en claro que esto es una actividad que complementa la Cuarta Transformaci\u00f3n, y es algo que las mexicanas y mexicanos est\u00e1n pidiendo para tener una figura femenina como Presidenta de la Rep\u00fablica.<\/p>\n\n\n\n<p>&#8220;En este ejercicio de la conformaci\u00f3n de los comit\u00e9s distritales, de los nueve distritos tidavia previo a qu\u00e9 ya se haga la redistritaci\u00f3n que seguramente vendr\u00e1 del INE, que los va a reducir, solamente nos faltaba conformar el de Nuevo Laredo. Posteriormente a esto empezamos en algunas zonas a hacer los comit\u00e9s municipales en el sur de Tamaulipas, estuvieron en Altamira, Tampico y ya llevamos varios municipios donde estamos realizando esta estructura y red de apoyo para que sea nuestra compa\u00f1era Claudia Sheinbaum la elegida en la encuesta que seguramente vendr\u00e1 en pr\u00f3ximas fechas por parte de nuestro movimiento, MORENA&#8221;, indic\u00f3.<\/p>\n\n\n\n<p>Agreg\u00f3 que se apoya a la doctora Sheinbaum debido a que consideran que es la persona id\u00f3nea para tomar las riendas de la Cuarta Transformaci\u00f3n y continuar el legado que dejara el actual Presidente de M\u00e9xico Andr\u00e9s Manuel L\u00f3pez Obrador.<\/p>\n\n\n\n<p>&#8220;Ahorita estamos justamente en este proceso, estamos haciendo asambleas distritales para conformar la estructura organizativa, pensando en que justo el pr\u00f3ximo a\u00f1o, sobretodo el primer semestre va a ser clave en toda esta parte, tenemos que seguir apretando para que la gente siga conociendo a la doctora en Tamaulipas, en lo que consideramos vamos muy bien&#8221;, se\u00f1al\u00f3.<\/p>\n\n\n\n<p>Reconoci\u00f3 que el triunfo del doctor Am\u00e9rico Villarreal Anaya en la gubernatura del estado, ayudar\u00e1 a que contin\u00fae todo este \u00e1nimo para darle continuidad a la Cuarta Transformaci\u00f3n a la vida p\u00fablica de Tamaulipas y de M\u00e9xico.<\/p>\n\n\n\n<p>Puntualiz\u00f3 que es Claudia Sheinbaum<br \/>la persona id\u00f3nea para continuar con el movimiento de la 4T, debido a que es una de las fundadoras hace 10 a\u00f1os, el cual inici\u00f3 desde a\u00f1os antes de la mano de Andr\u00e9s Manuel, al igual inform\u00f3 que fue secretaria de Medio Ambiente cuando L\u00f3pez Obrador fue jefe de gobierno en la capital del pa\u00eds, adem\u00e1s de contar con cartas acad\u00e9micas y una excelente preparaci\u00f3n, al igual de ser Premio Nobel por un estudio del cambio clim\u00e1tico, pero sobre todo por la gran labor administrativa que ha desempe\u00f1ado.<\/p>\n\n\n\n<p>&#8220;Es la primer mujer que fue electa directamente, y as\u00ed creemos que ser\u00e1 la primera mujer que va a encabezar las tiendas de este pa\u00eds a partir del 2024&#8221;, finaliz\u00f3.<\/p>\n","protected":false},"excerpt":{"rendered":"<p>Nuevo Laredo, Tamps.- Con la finalidad de sentar las bases para la creaci\u00f3n de los comit\u00e9s de apoyo denominados &#8216;Amigos de Claudia&#8217;, este viernes estuvieron en Diego Hern\u00e1ndez Guti\u00e9rrez, coordinador &hellip; <a href=\"http:\/\/revistalaneta.com.mx\/?p=2896\" class=\"more-link\">Leer m\u00e1s<\/a><\/p>\n","protected":false},"author":1,"featured_media":2895,"comment_status":"open","ping_status":"open","sticky":false,"template":"","format":"standard","meta":{"footnotes":""},"categories":[1],"tags":[],"class_list":["post-2896","post","type-post","status-publish","format-standard","has-post-thumbnail","hentry","category-sin-categoria","entry"],"_links":{"self":[{"href":"http:\/\/revistalaneta.com.mx\/index.php?rest_route=\/wp\/v2\/posts\/2896","targetHints":{"allow":["GET"]}}],"collection":[{"href":"http:\/\/revistalaneta.com.mx\/index.php?rest_route=\/wp\/v2\/posts"}],"about":[{"href":"http:\/\/revistalaneta.com.mx\/index.php?rest_route=\/wp\/v2\/types\/post"}],"author":[{"embeddable":true,"href":"http:\/\/revistalaneta.com.mx\/index.php?rest_route=\/wp\/v2\/users\/1"}],"replies":[{"embeddable":true,"href":"http:\/\/revistalaneta.com.mx\/index.php?rest_route=%2Fwp%2Fv2%2Fcomments&post=2896"}],"version-history":[{"count":1,"href":"http:\/\/revistalaneta.com.mx\/index.php?rest_route=\/wp\/v2\/posts\/2896\/revisions"}],"predecessor-version":[{"id":2897,"href":"http:\/\/revistalaneta.com.mx\/index.php?rest_route=\/wp\/v2\/posts\/2896\/revisions\/2897"}],"wp:featuredmedia":[{"embeddable":true,"href":"http:\/\/revistalaneta.com.mx\/index.php?rest_route=\/wp\/v2\/media\/2895"}],"wp:attachment":[{"href":"http:\/\/revistalaneta.com.mx\/index.php?rest_route=%2Fwp%2Fv2%2Fmedia&parent=2896"}],"wp:term":[{"taxonomy":"category","embeddable":true,"href":"http:\/\/revistalaneta.com.mx\/index.php?rest_route=%2Fwp%2Fv2%2Fcategories&post=2896"},{"taxonomy":"post_tag","embeddable":true,"href":"http:\/\/revistalaneta.com.mx\/index.php?rest_route=%2Fwp%2Fv2%2Ftags&post=2896"}],"curies":[{"name":"wp","href":"https:\/\/api.w.org\/{rel}","templated":true}]}}