{"id":2899,"date":"2022-12-17T16:51:31","date_gmt":"2022-12-17T16:51:31","guid":{"rendered":"http:\/\/revistalaneta.com.mx\/?p=2899"},"modified":"2022-12-17T16:52:25","modified_gmt":"2022-12-17T16:52:25","slug":"arman-cuadros-para-claudia-sheinbaum","status":"publish","type":"post","link":"http:\/\/revistalaneta.com.mx\/?p=2899","title":{"rendered":"ARMAN CUADROS PARA CLAUDIA SHEINBAUM"},"content":{"rendered":"\n<p><br>Diego Hern\u00e1ndez, representante de Claudia Sheinbaum Pardo, vino a Nuevo Laredo a encabezar la integraci\u00f3n del comit\u00e9 distrital de las redes de organizaci\u00f3n de la Jefa de Gobierno de la Ciudad de M\u00e9xico, quien es fuerte prospecto a la candidatura del Movimiento de Regeneraci\u00f3n Nacional (MORENA) a la Presidencia de la Rep\u00fablica. Le acompa\u00f1\u00f3 Marco Antonio Batarse, coordinador de las redes de organizaci\u00f3n en Tamaulipas, y juntos encabezaron un evento con m\u00e1s de 200 personas que se sumar\u00e1n a dichas redes de promoci\u00f3n pol\u00edtica de la mencionada. Previo a ello se ofreci\u00f3 una conferencia de prensa donde Diego Hern\u00e1ndez hizo saber Sheinbaum sigue encabezando las preferencias electorales en MORENA y que se encuentra lista para dar continuidad al proyecto de la Cuarta Transformaci\u00f3n, y con ello a la vez convertirse en la primera mujer en gobernar el pa\u00eds. \u00bfSer\u00e1? Ya lo veremos.<\/p>\n\n\n\n<p>\u00bfERASMO E IMELDA, FRENTE A FRENTE?<br \/>Mientras que al interior de la coalici\u00f3n MORENA-PT en busca de la senadur\u00eda vacante, ya se da como un hecho que el abanderado ser\u00e1 el diputado federal, Erasmo Gonz\u00e1lez Robledo, en contraparte por la coalici\u00f3n PAN-PRI.PRD, se augura que ser\u00e1 la diputada local, Imelda Sanmiguel S\u00e1nchez, quien encabece la causa. En ambos casos los dos legisladores no han solicitado aun licencia para separarse de sus cargos, pero en caso de que se confirme que s\u00ed ser\u00e1n los elegidos, lo har\u00e1n, pues a\u00fan est\u00e1n en tiempo y forma para ello, pues de hecho tendr\u00edan entre el 21 y 22 de diciembre para presentar su solicitud de registro ante el Instituto Nacional Electoral (INE), y a la vez esperar a que el 27 de diciembre se les apruebe por parte del mismo \u00f3rgano electoral, y entonces a partir del 28 de diciembre iniciar la campa\u00f1a. En lo que compete al PVEM ya anunciamos que el abanderado ser\u00e1 Manuel Mu\u00f1oz Cano, y casi queda confirmado que el MC no registrar\u00e1 candidato.<\/p>\n\n\n\n<p>DAN A CONOCER AVANCE DE OBRAS P\u00daBLICAS<br \/>Miembros del Consejo de Bienestar Social celebraron su doceava reuni\u00f3n de trabajo en la que se dio a conocer sobre nueve obras ya est\u00e1n concluidas y tambi\u00e9n el avance que presenta el paquete de obras del programa federal Ramo 33. En este tenor se anunci\u00f3 que 11 obras siguen en proceso, presentando un avance promedio general del 80 por ciento, esper\u00e1ndose que se concluyan antes de que termine el a\u00f1o en curso. Asimismo se dio a conocer que otras 20 obras ser\u00e1n transferidas para el 2023, aunque se espera estarlas entregando en el primer bimestre, pues son trabajos de electrificaci\u00f3n, drenaje sanitario, agua potable, guarniciones y banquetas, entre otros.<\/p>\n\n\n\n<p>FARMACIA CALDER\u00d3N POR LA PASEO COL\u00d3N<br \/>Una nueva Farmacia Calder\u00f3n se construye sobre el Bulevar Paseo Col\u00f3n, entre Jes\u00fas Carranza y Leandro Valle. el proyecto va muy avanzado y aparentemente se espera estarla inaugurando antes de que concluya el presente a\u00f1o. Por cierto que ha llamado mucho la atenci\u00f3n la construcci\u00f3n de esta farmacia, ya que si bien es cierto ya se hab\u00edan estado autorizando proyectos comerciales sobre la Paseo Col\u00f3n, despu\u00e9s de muchos a\u00f1os de que esto no fue posible, hab\u00eda un tipo de acuerdo no firmado de crear m\u00e1s que nada complejos comerciales, as\u00ed como restaurantes y tiendas de ropa un tanto \u201cpopof\u201d, pero ahora hasta farmacias se van a poner, por lo que tal vez al rato vamos a tener una Farmacias Similares y cualquier puesto de garnachas, que sin duda no ir\u00e1n con la imagen representativa que tiene la Paseo Col\u00f3n como la arteria m\u00e1s bonita de la ciudad. Pero en fin.<\/p>\n\n\n\n<p>RESTAURANTEROS SE RAYAN CON LOS AGUINALDOS<br \/>Muy bien les ha estado yendo a los restauranteros en los \u00faltimos d\u00edas en cuanto a ventas, y es que a ra\u00edz de que se han empezado a pagar los aguinaldos muchos han aprovechado para ir a comer a estos negocios. Incluso para este fin de semana se esperan m\u00e1s llenos en los restaurantes, ya que habr\u00e1 quienes se den el \u201clujito\u201d de comer fuera. Pues bien por los empresarios de la rama gastron\u00f3mica que se est\u00e1n recuperando un poco de las p\u00e9rdidas que han arrastrado a lo largo del a\u00f1o. Pues que sigan aprovechando, porque entrando enero la crisis va a pegar muy dura.<\/p>\n\n\n\n<p>YA NO ES NOVEDAD: TODO SIGUE SUBIENDO DE PRECIO<br \/>Tal y como se avizor\u00f3, en el presente mes de diciembre siguen los escandalosos aumentos en los precios de los productos de la canasta b\u00e1sica, toda vez que los comerciantes aprovechan \u201cque hay lana\u201d para subir todo de precio. Nada vale que para enero se esperan todav\u00eda m\u00e1s incrementos, pues con eso de que entrando el a\u00f1o sube el salario m\u00ednimo, todo a su vez va a subir, y as\u00ed quedar\u00e1 nuevamente pulverizado el aumento salarial. Lo peor del caso es que para el 2023 se vislumbra que contin\u00faen los altos \u00edndices inflacionarios, que seguir\u00e1n mermando la econom\u00eda de los mexicanos, por mucho que el gobierno diga todo lo contrario. Basta ir al mandado para ver como el sueldo ya no alcanza para comprar lo m\u00e1s m\u00ednimo, ante tanta alza desproporcionada de los precios.<\/p>\n\n\n\n<p>APRUEBA LA UAT PRESUPUESTO DE INGRESOS Y EGRESOS<br \/>El Presupuesto de Ingresos y Egresos para el 2023 de la Universidad Aut\u00f3noma de Tamaulipas (UAT), fue aprobado por la Asamblea Universitaria, que representa el pleno del m\u00e1ximo \u00f3rgano de gobierno de esta casa de estudios. La reuni\u00f3n fue encabezada por el Rector de la UAT, Guillermo Mendoza Cavazos, quien de hecho fue quien present\u00f3 el presupuesto, mismo que fue autorizado por los directores y representantes asamble\u00edstas de las veintis\u00e9is dependencias acad\u00e9micas de la universidad. Tras la autorizaci\u00f3n el Rector Mendoza Cavazos agradeci\u00f3 el apoyo para la realizaci\u00f3n de los proyectos que son esenciales para el desarrollo estrat\u00e9gico de la Universidad, y que fueron planteados desde el inicio de su gesti\u00f3n.<\/p>\n\n\n\n<p>TAMBI\u00c9N SE ENTREGAN RECONOCIMIENTOS<br \/>Por otro lado el Rector de la UAT, presidi\u00f3 la Asamblea Solemne de Entrega de Reconocimiento al M\u00e9rito Universitario 2022 a profesores, estudiantes, investigadores y trabajadores de esta m\u00e1xima casa de estudios, y quienes con su dedicaci\u00f3n han contribuido al engrandecimiento de la misma. En sendas ceremonias, el Rector Mendoza Cavazos hizo entrega de los galardones a universitarios de Tampico y Mante en el Aula Magna Herman Harris Fleishman del Campus Sur y en el Teatro Ju\u00e1rez de Ciudad Victoria a los homenajeados de las zonas norte y centro del estado. En su mensaje, dijo que esta tradici\u00f3n tiene como prop\u00f3sito estimular a los integrantes de la comunidad universitaria por sus destacadas trayectorias, y conminarlos a seguir adelante con su labor docente.<\/p>\n\n\n\n<p>ADIVINANZA<br \/>Manolo se encuentra a un amigo en una plaza y le dice: &#8220;Me he ganado 300 d\u00f3lares, en un concurso de adivinanzas, y como yo soy tan bueno para eso\u2026&#8221;.<br \/>&#8220;No me digas! Te apuesto 60 d\u00f3lares a que no me adivinas esto: \u00bfQu\u00e9 cosa comienza por &#8216;U&#8217;, termina en &#8216;O&#8217; y siempre anda en el suelo?&#8221;.<br \/>&#8220;\u00a1No s\u00e9, toma tu dinero!&#8221;.<br \/>&#8220;La respuesta era: Un zapato&#8221;.<br \/>&#8220;Est\u00e1 bien, pero te apuesto otros 60 d\u00f3lares a que te adivino otra&#8221;.<br \/>&#8220;Bueno: \u00bfQu\u00e9 cosa comienza con &#8216;D&#8217;, termina en &#8216;S&#8217; y siempre anda por el suelo?&#8221;.<br \/>&#8220;\u00a1Toma tu maldito dinero! \u00a1No s\u00e9!&#8221;.<br \/>&#8220;Dos zapatos, jejeje. Pero mira, no me quiero aprovechar de tu inocencia, adiv\u00edname esta y te devolver\u00e9 tu dinero, si no, deber\u00e1s darme 120 d\u00f3lares&#8221;.<br \/>&#8220;De acuerdo&#8221;<br \/>&#8220;\u00bfQu\u00e9 cosa es ovalada, tiene una clara y una yema, lo ponen las gallinas, lo comes frito en el desayuno, comienza por &#8216;H&#8217; y termina en &#8216;O&#8217;?&#8221;.<br \/>&#8220;Esta s\u00ed no me la ganas. \u00a1Tres zapatos!&#8221;.<\/p>\n\n\n\n<p>RECORDATORIO<br \/>Dos bandidos llegan a la villa y entran en una casa, arrastrando a un tipo, donde adentro est\u00e1 un chino de 1.90m y 120 kilos, mezcla de mapuche con inca, limpi\u00e1ndose las u\u00f1as con un machete enoooorme.<br \/>&#8220;Chino, el jefe pidi\u00f3 que te forniques a este bato, para que aprenda a no hacerse el macho con nuestra banda&#8221;, le dice uno de los bandidos.<br \/>&#8220;D\u00e9jenlo ah\u00ed en un rinc\u00f3n, que m\u00e1s tarde me encargo de \u00e9l&#8221;, contesta el chino.<br \/>Cuando los malandros se van el tipo dice: &#8220;Por favor, se\u00f1or chino, no me haga eso, despu\u00e9s de fornicado mi vida se termina, tenga piedad por el amor de Dios&#8221;.<br \/>&#8220;\u00a1C\u00e1llate la boca y qu\u00e9date quietito ah\u00ed!&#8221;, es la respuesta del chino.<br \/>Al rato vuelven los bandidos con otro pobre desdichado: &#8220;Chino, el jefe pidi\u00f3 que a este cab\u2026 le cortes las dos manos y le perfores los ojos, para que aprenda a no tomar dinero de la venta de drogas&#8221;.<br \/>&#8220;D\u00e9jalo ah\u00ed que dentro de un rato me encargo&#8221;, contesta el chino.<br \/>Una hora despu\u00e9s traen otro pobrecito. &#8220;Chino, a \u00e9ste le cortas el pito y la lengua para que nunca m\u00e1s se meta con las mujeres de la villa&#8221;.<br \/>&#8220;T\u00e1 g\u00fceno, d\u00e9jalo ah\u00ed en el rinc\u00f3n con los otros&#8221;.<br \/>Finalmente traen a otro. &#8220;Chinazo, a este lo cortas en pedacitos y mandas cada pedacito para la familia&#8221;.<br \/>En ese momento, el primer tipo le dice al Chino, en voz bien baja: &#8220;Se\u00f1or chino, por favor no se confunda: \u00a1El de la fornicada soy yo! \u00bfOk?&#8221;.<br \/>Moraleja: A medida que conoces los problemas de los dem\u00e1s, \u00a1te das cuenta que el tuyo no es tan grave!<\/p>\n","protected":false},"excerpt":{"rendered":"<p>Diego Hern\u00e1ndez, representante de Claudia Sheinbaum Pardo, vino a Nuevo Laredo a encabezar la integraci\u00f3n del comit\u00e9 distrital de las redes de organizaci\u00f3n de la Jefa de Gobierno de la &hellip; <a href=\"http:\/\/revistalaneta.com.mx\/?p=2899\" class=\"more-link\">Leer m\u00e1s<\/a><\/p>\n","protected":false},"author":1,"featured_media":2898,"comment_status":"open","ping_status":"open","sticky":false,"template":"","format":"standard","meta":{"footnotes":""},"categories":[2,3],"tags":[],"class_list":["post-2899","post","type-post","status-publish","format-standard","has-post-thumbnail","hentry","category-chismorreo","category-opinion","entry"],"_links":{"self":[{"href":"http:\/\/revistalaneta.com.mx\/index.php?rest_route=\/wp\/v2\/posts\/2899","targetHints":{"allow":["GET"]}}],"collection":[{"href":"http:\/\/revistalaneta.com.mx\/index.php?rest_route=\/wp\/v2\/posts"}],"about":[{"href":"http:\/\/revistalaneta.com.mx\/index.php?rest_route=\/wp\/v2\/types\/post"}],"author":[{"embeddable":true,"href":"http:\/\/revistalaneta.com.mx\/index.php?rest_route=\/wp\/v2\/users\/1"}],"replies":[{"embeddable":true,"href":"http:\/\/revistalaneta.com.mx\/index.php?rest_route=%2Fwp%2Fv2%2Fcomments&post=2899"}],"version-history":[{"count":1,"href":"http:\/\/revistalaneta.com.mx\/index.php?rest_route=\/wp\/v2\/posts\/2899\/revisions"}],"predecessor-version":[{"id":2900,"href":"http:\/\/revistalaneta.com.mx\/index.php?rest_route=\/wp\/v2\/posts\/2899\/revisions\/2900"}],"wp:featuredmedia":[{"embeddable":true,"href":"http:\/\/revistalaneta.com.mx\/index.php?rest_route=\/wp\/v2\/media\/2898"}],"wp:attachment":[{"href":"http:\/\/revistalaneta.com.mx\/index.php?rest_route=%2Fwp%2Fv2%2Fmedia&parent=2899"}],"wp:term":[{"taxonomy":"category","embeddable":true,"href":"http:\/\/revistalaneta.com.mx\/index.php?rest_route=%2Fwp%2Fv2%2Fcategories&post=2899"},{"taxonomy":"post_tag","embeddable":true,"href":"http:\/\/revistalaneta.com.mx\/index.php?rest_route=%2Fwp%2Fv2%2Ftags&post=2899"}],"curies":[{"name":"wp","href":"https:\/\/api.w.org\/{rel}","templated":true}]}}