{"id":295,"date":"2022-08-22T03:36:36","date_gmt":"2022-08-22T03:36:36","guid":{"rendered":"http:\/\/revistalaneta.com.mx\/?p=295"},"modified":"2022-08-22T03:37:05","modified_gmt":"2022-08-22T03:37:05","slug":"disfrutan-neolaredenses-musica-en-vivo-en-la-plaza-primero-de-mayo","status":"publish","type":"post","link":"http:\/\/revistalaneta.com.mx\/?p=295","title":{"rendered":"Disfrutan neolaredenses m\u00fasica en vivo en la Plaza Primero de Mayo"},"content":{"rendered":"\n<p>\u00a0<\/p>\n\n\n\n<p>Nuevo Laredo, Tamps.- Una tarde agradable pasaron decenas de familias en la Plaza Primero de Mayo en la que se escuch\u00f3 la Centenaria Banda de M\u00fasica Municipal interpretando melod\u00edas instrumentales como cha cha ch\u00e1, boleros, marcha, entre otros.\u00a0<\/p>\n\n\n\n<p>Esta es la tercera edici\u00f3n que realiza la Direcci\u00f3n de Arte y Cultura (DAyC) del programa \u201cJueves de Plaza\u201d con la finalidad de descentralizar la cultura y llevarla a todos los puntos de la ciudad con los programas de la administraci\u00f3n municipal.<\/p>\n\n\n\n<p>\u201cCada jueves estamos desarrollando este programa el cual es itinerante y estamos yendo a varios lugares. La respuesta de la ciudadan\u00eda ha sido muy buena y con esto tambi\u00e9n reactivamos a Nuevo Laredo\u201d, dijo Marcos Rodr\u00edguez Leija, director DAyC.<\/p>\n\n\n\n<p>Adem\u00e1s de difundir la cultura en los neolaredenses tambi\u00e9n se reactivan los espacios p\u00fablicos, el desarrollo econ\u00f3mico y se da a conocer el talento local con los integrantes de la Banda de M\u00fasica.&nbsp;<\/p>\n\n\n\n<p>\u201cYa hac\u00eda falta que se hicieran estos eventos para venir a distraernos al escuchar m\u00fasica, despu\u00e9s de la pandemia ya era necesario, un agradecimiento a la alcaldesa por estos eventos\u201d, dijo Violeta Mendoza, asistente.<\/p>\n\n\n\n<p>La pr\u00f3xima edici\u00f3n del programa \u201cJueves de Plaza\u201d se realizar\u00e1 el 25 de agosto, en el Centro Comercial Paseo Reforma, a partir de las 7:00 de la tarde.<\/p>\n","protected":false},"excerpt":{"rendered":"<p>\u00a0 Nuevo Laredo, Tamps.- Una tarde agradable pasaron decenas de familias en la Plaza Primero de Mayo en la que se escuch\u00f3 la Centenaria Banda de M\u00fasica Municipal interpretando melod\u00edas &hellip; <a href=\"http:\/\/revistalaneta.com.mx\/?p=295\" class=\"more-link\">Leer m\u00e1s<\/a><\/p>\n","protected":false},"author":1,"featured_media":294,"comment_status":"open","ping_status":"open","sticky":false,"template":"","format":"standard","meta":{"footnotes":""},"categories":[4],"tags":[],"class_list":["post-295","post","type-post","status-publish","format-standard","has-post-thumbnail","hentry","category-nuevo-laredo","entry"],"_links":{"self":[{"href":"http:\/\/revistalaneta.com.mx\/index.php?rest_route=\/wp\/v2\/posts\/295","targetHints":{"allow":["GET"]}}],"collection":[{"href":"http:\/\/revistalaneta.com.mx\/index.php?rest_route=\/wp\/v2\/posts"}],"about":[{"href":"http:\/\/revistalaneta.com.mx\/index.php?rest_route=\/wp\/v2\/types\/post"}],"author":[{"embeddable":true,"href":"http:\/\/revistalaneta.com.mx\/index.php?rest_route=\/wp\/v2\/users\/1"}],"replies":[{"embeddable":true,"href":"http:\/\/revistalaneta.com.mx\/index.php?rest_route=%2Fwp%2Fv2%2Fcomments&post=295"}],"version-history":[{"count":1,"href":"http:\/\/revistalaneta.com.mx\/index.php?rest_route=\/wp\/v2\/posts\/295\/revisions"}],"predecessor-version":[{"id":296,"href":"http:\/\/revistalaneta.com.mx\/index.php?rest_route=\/wp\/v2\/posts\/295\/revisions\/296"}],"wp:featuredmedia":[{"embeddable":true,"href":"http:\/\/revistalaneta.com.mx\/index.php?rest_route=\/wp\/v2\/media\/294"}],"wp:attachment":[{"href":"http:\/\/revistalaneta.com.mx\/index.php?rest_route=%2Fwp%2Fv2%2Fmedia&parent=295"}],"wp:term":[{"taxonomy":"category","embeddable":true,"href":"http:\/\/revistalaneta.com.mx\/index.php?rest_route=%2Fwp%2Fv2%2Fcategories&post=295"},{"taxonomy":"post_tag","embeddable":true,"href":"http:\/\/revistalaneta.com.mx\/index.php?rest_route=%2Fwp%2Fv2%2Ftags&post=295"}],"curies":[{"name":"wp","href":"https:\/\/api.w.org\/{rel}","templated":true}]}}