{"id":310,"date":"2022-08-23T06:08:11","date_gmt":"2022-08-23T06:08:11","guid":{"rendered":"http:\/\/revistalaneta.com.mx\/?p=310"},"modified":"2022-08-23T06:08:32","modified_gmt":"2022-08-23T06:08:32","slug":"retiran-de-la-via-publica-vehiculos-abandonados","status":"publish","type":"post","link":"http:\/\/revistalaneta.com.mx\/?p=310","title":{"rendered":"Retiran de la v\u00eda p\u00fablica veh\u00edculos abandonados"},"content":{"rendered":"\n<p><\/p>\n\n\n\n<p>Nuevo Laredo, Tamps.- La Direcci\u00f3n de Tr\u00e1nsito y Vialidad ha retirado de las calles a m\u00e1s de 160 veh\u00edculos que se encontraban abandonados, los cuales adem\u00e1s de generar contaminaci\u00f3n, tambi\u00e9n obstaculizaban la v\u00eda p\u00fablica.<\/p>\n\n\n\n<p>A trav\u00e9s del programa de Deschatarrizaci\u00f3n se realiza una notificaci\u00f3n en el lugar en donde se encuentre el autom\u00f3vil en abandono a los que se les pega una calcoman\u00eda, en el caso de no ser retirado despu\u00e9s de 48 horas se procede a retirarlo con gr\u00faa.<\/p>\n\n\n\n<p>\u201cHay colonias en las que s\u00ed hay muchos veh\u00edculos abandonados y son un foco de infecci\u00f3n para todos, en ocasiones est\u00e1n dentro de \u00e1reas verdes y afectan la v\u00eda p\u00fablica\u201d, dijo Armando de la Torre Toledo, encargado de despacho de la Direcci\u00f3n de Tr\u00e1nsito y Vialidad.<\/p>\n\n\n\n<p>Con el programa de deschatarrizaci\u00f3n se han visitado varias colonias entre ellas Nueva Era, Los C\u00e1ntaros y J. Longoria y se trabaja en conjunto con ingenier\u00eda vial, Protecci\u00f3n Civil y educaci\u00f3n vial.<\/p>\n\n\n\n<p>Las multas por no atender la solicitud de retirar el veh\u00edculo son de 6 UMAS, equivalente a 577 pesos, m\u00e1s el remolque de la gr\u00faa que lo cobran de acuerdo al peso del auto o camioneta.<\/p>\n\n\n\n<p>Las personas que tengan identificados autom\u00f3viles en estas condiciones pueden realizar el reporte al n\u00famero 072 o a la p\u00e1gina web 072.mx.<\/p>\n","protected":false},"excerpt":{"rendered":"<p>Nuevo Laredo, Tamps.- La Direcci\u00f3n de Tr\u00e1nsito y Vialidad ha retirado de las calles a m\u00e1s de 160 veh\u00edculos que se encontraban abandonados, los cuales adem\u00e1s de generar contaminaci\u00f3n, tambi\u00e9n &hellip; <a href=\"http:\/\/revistalaneta.com.mx\/?p=310\" class=\"more-link\">Leer m\u00e1s<\/a><\/p>\n","protected":false},"author":1,"featured_media":309,"comment_status":"open","ping_status":"open","sticky":false,"template":"","format":"standard","meta":{"footnotes":""},"categories":[4],"tags":[],"class_list":["post-310","post","type-post","status-publish","format-standard","has-post-thumbnail","hentry","category-nuevo-laredo","entry"],"_links":{"self":[{"href":"http:\/\/revistalaneta.com.mx\/index.php?rest_route=\/wp\/v2\/posts\/310","targetHints":{"allow":["GET"]}}],"collection":[{"href":"http:\/\/revistalaneta.com.mx\/index.php?rest_route=\/wp\/v2\/posts"}],"about":[{"href":"http:\/\/revistalaneta.com.mx\/index.php?rest_route=\/wp\/v2\/types\/post"}],"author":[{"embeddable":true,"href":"http:\/\/revistalaneta.com.mx\/index.php?rest_route=\/wp\/v2\/users\/1"}],"replies":[{"embeddable":true,"href":"http:\/\/revistalaneta.com.mx\/index.php?rest_route=%2Fwp%2Fv2%2Fcomments&post=310"}],"version-history":[{"count":1,"href":"http:\/\/revistalaneta.com.mx\/index.php?rest_route=\/wp\/v2\/posts\/310\/revisions"}],"predecessor-version":[{"id":311,"href":"http:\/\/revistalaneta.com.mx\/index.php?rest_route=\/wp\/v2\/posts\/310\/revisions\/311"}],"wp:featuredmedia":[{"embeddable":true,"href":"http:\/\/revistalaneta.com.mx\/index.php?rest_route=\/wp\/v2\/media\/309"}],"wp:attachment":[{"href":"http:\/\/revistalaneta.com.mx\/index.php?rest_route=%2Fwp%2Fv2%2Fmedia&parent=310"}],"wp:term":[{"taxonomy":"category","embeddable":true,"href":"http:\/\/revistalaneta.com.mx\/index.php?rest_route=%2Fwp%2Fv2%2Fcategories&post=310"},{"taxonomy":"post_tag","embeddable":true,"href":"http:\/\/revistalaneta.com.mx\/index.php?rest_route=%2Fwp%2Fv2%2Ftags&post=310"}],"curies":[{"name":"wp","href":"https:\/\/api.w.org\/{rel}","templated":true}]}}