{"id":3126,"date":"2023-01-07T04:26:15","date_gmt":"2023-01-07T04:26:15","guid":{"rendered":"http:\/\/revistalaneta.com.mx\/?p=3126"},"modified":"2023-01-07T04:26:27","modified_gmt":"2023-01-07T04:26:27","slug":"jr-vacunado-contra-ataques","status":"publish","type":"post","link":"http:\/\/revistalaneta.com.mx\/?p=3126","title":{"rendered":"&#8220;JR&#8221; VACUNADO CONTRA ATAQUES"},"content":{"rendered":"\n<p><\/p>\n\n\n\n<p>-Recuperar liderazgo en Congreso, no es prioritario<\/p>\n\n\n\n<p>Tiempo de opinar<\/p>\n\n\n\n<p>Ra\u00fal Hern\u00e1ndez Morena<\/p>\n\n\n\n<p>Los moreno-panistas vuelven a las andadas. Como su candidata a senadora no prende, le reprochan a Jos\u00e9 Ram\u00f3n G\u00f3mez Leal ser cu\u00f1ado de Francisco Garc\u00eda Cabeza de Vaca, como si el pobre hombre hubiese obligado a su hermana a enamorarse de un criminal, criminal, que por cierto, pudo hacerlo alcalde de Reynosa, pero prefiri\u00f3 a Maki Ortiz, que termin\u00f3 volte\u00e1ndosele.<\/p>\n\n\n\n<p>\u00bfQuieren los opositores que G\u00f3mez Leal atente contra la integridad &nbsp;de su ingrato cu\u00f1ado \u2013como Ca\u00edn- para demostrar que una cosa es el lazo familiar y otra lo que piense uno del otro?<\/p>\n\n\n\n<p>Son tan infundados y pueriles los se\u00f1alamientos contra el JR que el l\u00edder nacional de Morena, Mario Delgado visit\u00f3 Madero y rehus\u00f3 comentar si la relaci\u00f3n \u201cincestuosa\u201d entre JR y Cabeza, afecta la campa\u00f1a.<\/p>\n\n\n\n<p>El propio Presidente Andr\u00e9s Manuel L\u00f3pez Obrador ya&nbsp;&nbsp; abord\u00f3 el tema en el pasado y respaldo al JR que ha demostrado&nbsp; que est\u00e1 alejando de las pol\u00edticas perversas de su ex cu\u00f1ado.<\/p>\n\n\n\n<p>Los opositores van a seguir usando el tema en contra de JR con la intenci\u00f3n de afectarlo, pero no van a tener \u00e9xito. Est\u00e1 vacunado contra las insidias.&nbsp; Las campa\u00f1as de odio y lodo a las que son tan afectos los panistas, no influyen en las votaciones. Generan ruido, es cierto y en determinado momento son tema de conversaci\u00f3n para pasar el rato, pero no pasa de ah\u00ed.&nbsp; Para colmo las campa\u00f1as est\u00e1n tan aguadas que el abstencionismo ya gan\u00f3.<\/p>\n\n\n\n<p>Por otra parte, la coordinadora de los diputados de Morena, \u00darsula Salazar M\u00f3jica, declar\u00f3 que&nbsp; aunque recuperar la Junta de Coordinaci\u00f3n Pol\u00edtica&nbsp; est\u00e1 en la agenda del partido&nbsp; guinda, no es un tema que los ocupe y preocupe.<\/p>\n\n\n\n<p>En las \u00faltimas semanas, Morena ha aplastado al PAN en&nbsp; cinco votaciones importantes \u2013la creaci\u00f3n de la Guardia Estatal, los matrimonios igualitarios, la Ley de Aguas, la integraci\u00f3n de la Comisi\u00f3n Permanente, &nbsp;el fin de la S\u00faper Fiscal\u00eda- y a dejado al presidente del Congreso, el neolaredense F\u00e9lix Garc\u00eda, en calidad de l\u00edder de papel, de membrete, de &nbsp;mentiritas.<\/p>\n\n\n\n<p>Igual y puede pasar que el gobernador decida que no haya cambios en el Congreso, que el Moyo siga al frente y vender la imagen de que el Poder Legislativo es aut\u00f3nomo. Y el Moyo estar\u00eda encantado en representar ese papel, con tal de que no le abran alguna investigaci\u00f3n judicial, adem\u00e1s de que le&nbsp; gusta el confeti, aunque ya se le acab\u00f3 lo bravo y ya no anda amenazando con destituir alcaldes y diputados. Do\u00f1a \u00darsula fue una de sus v\u00edctimas en el pasado reciente, a la que el Moyo amenaz\u00f3 con desaforar y encarcelar y aunque la diputada le puede responder de la misma manera, no lo&nbsp; ha hecho, porque ocasionar\u00eda que los morenos se vieran igual que panistas: ruines y miserables. Hay niveles.<\/p>\n\n\n\n<p>Por cierto, que alguien nos explique. \u00bfRam\u00f3n G\u00f3mez Leal estuvo en Nuevo Laredo mi\u00e9rcoles y jueves? Solo que haya venido de incognito. En realidad, no&nbsp; es un tema que ocupe, es &nbsp;curiosidad.<\/p>\n","protected":false},"excerpt":{"rendered":"<p>-Recuperar liderazgo en Congreso, no es prioritario Tiempo de opinar Ra\u00fal Hern\u00e1ndez Morena Los moreno-panistas vuelven a las andadas. Como su candidata a senadora no prende, le reprochan a Jos\u00e9 &hellip; <a href=\"http:\/\/revistalaneta.com.mx\/?p=3126\" class=\"more-link\">Leer m\u00e1s<\/a><\/p>\n","protected":false},"author":1,"featured_media":3125,"comment_status":"open","ping_status":"open","sticky":false,"template":"","format":"standard","meta":{"footnotes":""},"categories":[2],"tags":[],"class_list":["post-3126","post","type-post","status-publish","format-standard","has-post-thumbnail","hentry","category-chismorreo","entry"],"_links":{"self":[{"href":"http:\/\/revistalaneta.com.mx\/index.php?rest_route=\/wp\/v2\/posts\/3126","targetHints":{"allow":["GET"]}}],"collection":[{"href":"http:\/\/revistalaneta.com.mx\/index.php?rest_route=\/wp\/v2\/posts"}],"about":[{"href":"http:\/\/revistalaneta.com.mx\/index.php?rest_route=\/wp\/v2\/types\/post"}],"author":[{"embeddable":true,"href":"http:\/\/revistalaneta.com.mx\/index.php?rest_route=\/wp\/v2\/users\/1"}],"replies":[{"embeddable":true,"href":"http:\/\/revistalaneta.com.mx\/index.php?rest_route=%2Fwp%2Fv2%2Fcomments&post=3126"}],"version-history":[{"count":1,"href":"http:\/\/revistalaneta.com.mx\/index.php?rest_route=\/wp\/v2\/posts\/3126\/revisions"}],"predecessor-version":[{"id":3127,"href":"http:\/\/revistalaneta.com.mx\/index.php?rest_route=\/wp\/v2\/posts\/3126\/revisions\/3127"}],"wp:featuredmedia":[{"embeddable":true,"href":"http:\/\/revistalaneta.com.mx\/index.php?rest_route=\/wp\/v2\/media\/3125"}],"wp:attachment":[{"href":"http:\/\/revistalaneta.com.mx\/index.php?rest_route=%2Fwp%2Fv2%2Fmedia&parent=3126"}],"wp:term":[{"taxonomy":"category","embeddable":true,"href":"http:\/\/revistalaneta.com.mx\/index.php?rest_route=%2Fwp%2Fv2%2Fcategories&post=3126"},{"taxonomy":"post_tag","embeddable":true,"href":"http:\/\/revistalaneta.com.mx\/index.php?rest_route=%2Fwp%2Fv2%2Ftags&post=3126"}],"curies":[{"name":"wp","href":"https:\/\/api.w.org\/{rel}","templated":true}]}}