{"id":3129,"date":"2023-01-07T04:27:59","date_gmt":"2023-01-07T04:27:59","guid":{"rendered":"http:\/\/revistalaneta.com.mx\/?p=3129"},"modified":"2023-01-07T04:28:26","modified_gmt":"2023-01-07T04:28:26","slug":"abre-inscripciones-escuela-de-musica-del-dif-nuevo-laredo","status":"publish","type":"post","link":"http:\/\/revistalaneta.com.mx\/?p=3129","title":{"rendered":"Abre inscripciones Escuela de M\u00fasica del DIF Nuevo Laredo"},"content":{"rendered":"\n<p><\/p>\n\n\n\n<p>Nuevo Laredo, Tamps.- Inici\u00f3 el periodo de inscripciones para el ciclo enero-junio 2023 en la Escuela de M\u00fasica del Sistema para el Desarrollo Integral de la Familia (DIF) de Nuevo Laredo,en el que ni\u00f1os, j\u00f3venes y adultos que quieran aprender a cantar o a tocar un instrumento musical, se pueden registrar para ingresar.<\/p>\n\n\n\n<p>Durante este periodo se impartir\u00e1n clases para principiantes, intermedios y avanzados en m\u00e1s de diez diferentes instrumentos musicales como: percusi\u00f3n infantil, viol\u00edn, violoncello, contrabajo, teclado, guitarra ac\u00fastica, guitarra el\u00e9ctrica, bajo el\u00e9ctrico, ukelele, bater\u00eda, flauta transversal, clarinete, saxof\u00f3n, trompeta, bugle, corno, bar\u00edtono, tromb\u00f3n, tuba e improvisaci\u00f3n musical.<\/p>\n\n\n\n<p>Adem\u00e1s de los cursos de instrumentos de cuerdas, aire y metales, tambi\u00e9n se imparten clases de m\u00fasica de educaci\u00f3n especial, as\u00ed como de canto, coro infantil, mariachi, dixie y composici\u00f3n de canciones.<\/p>\n\n\n\n<p>En la Escuela de M\u00fasica se pueden inscribir estudiantes a partir de los 6 a\u00f1os, quienes deber\u00e1n de contar con instrumento propio y presentar una copia de acta de nacimiento, CURP, comprobante de domicilio, INE y dos fotograf\u00edas tama\u00f1o infantil.<\/p>\n\n\n\n<p>La documentaci\u00f3n antes mencionada la deber\u00e1n presentar en Eva S\u00e1mano 1511 de la colonia La Fe, en un horario de 8 de la ma\u00f1ana a 6 de la tarde.<\/p>\n\n\n\n<p>La fecha l\u00edmite para registrarse es el pr\u00f3ximo viernes 13 de enero.Las clases iniciar\u00e1n el pr\u00f3ximo 16 de enero.<\/p>\n","protected":false},"excerpt":{"rendered":"<p>Nuevo Laredo, Tamps.- Inici\u00f3 el periodo de inscripciones para el ciclo enero-junio 2023 en la Escuela de M\u00fasica del Sistema para el Desarrollo Integral de la Familia (DIF) de Nuevo &hellip; <a href=\"http:\/\/revistalaneta.com.mx\/?p=3129\" class=\"more-link\">Leer m\u00e1s<\/a><\/p>\n","protected":false},"author":1,"featured_media":3128,"comment_status":"open","ping_status":"open","sticky":false,"template":"","format":"standard","meta":{"footnotes":""},"categories":[1],"tags":[],"class_list":["post-3129","post","type-post","status-publish","format-standard","has-post-thumbnail","hentry","category-sin-categoria","entry"],"_links":{"self":[{"href":"http:\/\/revistalaneta.com.mx\/index.php?rest_route=\/wp\/v2\/posts\/3129","targetHints":{"allow":["GET"]}}],"collection":[{"href":"http:\/\/revistalaneta.com.mx\/index.php?rest_route=\/wp\/v2\/posts"}],"about":[{"href":"http:\/\/revistalaneta.com.mx\/index.php?rest_route=\/wp\/v2\/types\/post"}],"author":[{"embeddable":true,"href":"http:\/\/revistalaneta.com.mx\/index.php?rest_route=\/wp\/v2\/users\/1"}],"replies":[{"embeddable":true,"href":"http:\/\/revistalaneta.com.mx\/index.php?rest_route=%2Fwp%2Fv2%2Fcomments&post=3129"}],"version-history":[{"count":1,"href":"http:\/\/revistalaneta.com.mx\/index.php?rest_route=\/wp\/v2\/posts\/3129\/revisions"}],"predecessor-version":[{"id":3130,"href":"http:\/\/revistalaneta.com.mx\/index.php?rest_route=\/wp\/v2\/posts\/3129\/revisions\/3130"}],"wp:featuredmedia":[{"embeddable":true,"href":"http:\/\/revistalaneta.com.mx\/index.php?rest_route=\/wp\/v2\/media\/3128"}],"wp:attachment":[{"href":"http:\/\/revistalaneta.com.mx\/index.php?rest_route=%2Fwp%2Fv2%2Fmedia&parent=3129"}],"wp:term":[{"taxonomy":"category","embeddable":true,"href":"http:\/\/revistalaneta.com.mx\/index.php?rest_route=%2Fwp%2Fv2%2Fcategories&post=3129"},{"taxonomy":"post_tag","embeddable":true,"href":"http:\/\/revistalaneta.com.mx\/index.php?rest_route=%2Fwp%2Fv2%2Ftags&post=3129"}],"curies":[{"name":"wp","href":"https:\/\/api.w.org\/{rel}","templated":true}]}}