{"id":313,"date":"2022-08-23T06:10:46","date_gmt":"2022-08-23T06:10:46","guid":{"rendered":"http:\/\/revistalaneta.com.mx\/?p=313"},"modified":"2022-08-23T06:10:53","modified_gmt":"2022-08-23T06:10:53","slug":"mas-de-40-empresas-ofertaran-utiles-escolares-en-la-expo-de-regreso-a-clases","status":"publish","type":"post","link":"http:\/\/revistalaneta.com.mx\/?p=313","title":{"rendered":"M\u00e1s de 40 empresas ofertar\u00e1n \u00fatiles escolares en la &#8220;Expo de Regreso a Clases&#8221;"},"content":{"rendered":"\n<p><\/p>\n\n\n\n<p>Nuevo Laredo, Tamps.- Para apoyar a las familias neolaredenses y a las empresas locales, el Gobierno Municipal y la C\u00e1mara Nacional de Comercio (Canaco) realizar\u00e1n en conjunto la \u201cExpo de Regreso a Clases 2022\u201d.<\/p>\n\n\n\n<p>En la Expo, los padres de familia podr\u00e1n surtir la lista de \u00fatiles escolares para el pr\u00f3ximo ciclo escolar con los m\u00e1s de 40 negocios que se reunir\u00e1n en el Centro C\u00edvico.<\/p>\n\n\n\n<p>\u201cEsto es parte de las estrategias del gobierno municipal para apoyar a los neolaredenses, y fomentar el consumo local. En este evento participar\u00e1n empresas que est\u00e1n adheridas a la CANACO\u201d, mencion\u00f3 el secretario de Desarrollo Econ\u00f3mico, Rolando Guevara Gonz\u00e1lez.<\/p>\n\n\n\n<p>El evento se llevar\u00e1 a cabo este mi\u00e9rcoles 24 de agosto, de las 10:00 de la ma\u00f1ana a las 5:00 de la tarde.<\/p>\n\n\n\n<p>Los ciudadanos tendr\u00e1n oportunidad de encontrar desde \u00fatiles escolares, libros de texto, uniformes, zapatos, mochilas entre otros art\u00edculos. Tambi\u00e9n habr\u00e1 negocios de papeler\u00edas, mercer\u00edas, \u00f3pticas, est\u00e9ticas, entre otras.<\/p>\n\n\n\n<p>El 13 de agosto se realiz\u00f3 el Bazar Back to School que organiz\u00f3 el Gobierno Municipal por medio de la Secretar\u00eda de Bienestar Social en el Polyf\u00f3rum de Nuevo Laredo en el que tambi\u00e9n la ciudadan\u00eda adquiri\u00f3 art\u00edculos para el regreso a clases, adem\u00e1s de apoyar a los emprendedores locales.<\/p>\n","protected":false},"excerpt":{"rendered":"<p>Nuevo Laredo, Tamps.- Para apoyar a las familias neolaredenses y a las empresas locales, el Gobierno Municipal y la C\u00e1mara Nacional de Comercio (Canaco) realizar\u00e1n en conjunto la \u201cExpo de &hellip; <a href=\"http:\/\/revistalaneta.com.mx\/?p=313\" class=\"more-link\">Leer m\u00e1s<\/a><\/p>\n","protected":false},"author":1,"featured_media":312,"comment_status":"open","ping_status":"open","sticky":false,"template":"","format":"standard","meta":{"footnotes":""},"categories":[4],"tags":[],"class_list":["post-313","post","type-post","status-publish","format-standard","has-post-thumbnail","hentry","category-nuevo-laredo","entry"],"_links":{"self":[{"href":"http:\/\/revistalaneta.com.mx\/index.php?rest_route=\/wp\/v2\/posts\/313","targetHints":{"allow":["GET"]}}],"collection":[{"href":"http:\/\/revistalaneta.com.mx\/index.php?rest_route=\/wp\/v2\/posts"}],"about":[{"href":"http:\/\/revistalaneta.com.mx\/index.php?rest_route=\/wp\/v2\/types\/post"}],"author":[{"embeddable":true,"href":"http:\/\/revistalaneta.com.mx\/index.php?rest_route=\/wp\/v2\/users\/1"}],"replies":[{"embeddable":true,"href":"http:\/\/revistalaneta.com.mx\/index.php?rest_route=%2Fwp%2Fv2%2Fcomments&post=313"}],"version-history":[{"count":1,"href":"http:\/\/revistalaneta.com.mx\/index.php?rest_route=\/wp\/v2\/posts\/313\/revisions"}],"predecessor-version":[{"id":314,"href":"http:\/\/revistalaneta.com.mx\/index.php?rest_route=\/wp\/v2\/posts\/313\/revisions\/314"}],"wp:featuredmedia":[{"embeddable":true,"href":"http:\/\/revistalaneta.com.mx\/index.php?rest_route=\/wp\/v2\/media\/312"}],"wp:attachment":[{"href":"http:\/\/revistalaneta.com.mx\/index.php?rest_route=%2Fwp%2Fv2%2Fmedia&parent=313"}],"wp:term":[{"taxonomy":"category","embeddable":true,"href":"http:\/\/revistalaneta.com.mx\/index.php?rest_route=%2Fwp%2Fv2%2Fcategories&post=313"},{"taxonomy":"post_tag","embeddable":true,"href":"http:\/\/revistalaneta.com.mx\/index.php?rest_route=%2Fwp%2Fv2%2Ftags&post=313"}],"curies":[{"name":"wp","href":"https:\/\/api.w.org\/{rel}","templated":true}]}}