{"id":317,"date":"2022-08-24T05:37:37","date_gmt":"2022-08-24T05:37:37","guid":{"rendered":"http:\/\/revistalaneta.com.mx\/?p=317"},"modified":"2022-08-24T05:38:04","modified_gmt":"2022-08-24T05:38:04","slug":"coreografo-de-ballet-nacional-de-cuba-profesionaliza-a-la-compania-de-danza-de-nuevo-laredo","status":"publish","type":"post","link":"http:\/\/revistalaneta.com.mx\/?p=317","title":{"rendered":"Core\u00f3grafo de Ballet Nacional de Cuba profesionaliza a la Compa\u00f1\u00eda de Danza de Nuevo Laredo"},"content":{"rendered":"\n<p><\/p>\n\n\n\n<p>Nuevo Laredo, Tamps.- Eduardo Blanco, del Ballet Nacional de Cuba y disc\u00edpulo de la prima ballerina assoluta Alicia Alonso, fue tra\u00eddo por el gobierno que preside Carmen Lilia Canturosas para seguir profesionalizando a los alumnos y maestras que integran la Compa\u00f1\u00eda de Danza de Nuevo Laredo.<\/p>\n\n\n\n<p>Durante cuatro d\u00edas, el core\u00f3grafo reconocido internacionalmente, capacit\u00f3 y leg\u00f3 las coreograf\u00edas &#8220;Rachmaninoff&#8221; y &#8220;Mambo&#8221; con las cuales la agrupaci\u00f3n local de ballet cl\u00e1sico ampli\u00f3 su repertorio para posteriores puestas en escena.<\/p>\n\n\n\n<p>&#8220;La presencia del maestro Eduardo Blanco es una muestra de la visi\u00f3n que tiene el gobierno que preside la licenciada Carmen Lilia Canturosas y es la de profesionalizar a nuestra comunidad art\u00edstica y en este caso particular a la Compa\u00f1\u00eda de Danza de Nuevo Laredo a trav\u00e9s de artistas de renombre&#8221;, les dijo Marcos Rodr\u00edguez Leija a las alumnas, padres de familia y maestras.<\/p>\n\n\n\n<p>&#8220;Como lo han visto, en los \u00faltimos dos meses les hemos tra\u00eddo a maestros de otros estados de la Rep\u00fablica Mexicana, con distintas t\u00e9cnicas, para que ustedes vayan abri\u00e9ndose un camino, de buen nivel, en esta bella disciplina y con su desempe\u00f1o profesional a nivel local o m\u00e1s all\u00e1 de nuestras fronteras nos sigan enorgulleciendo y poniendo en alto el nombre de Nuevo Laredo&#8221;, agreg\u00f3 el director de Arte y Cultura.<\/p>\n\n\n\n<p>El core\u00f3grafo Eduardo Blanco sensibiliz\u00f3 a los alumnos, maestras y padres de familia sobre el valioso esfuerzo que amerit\u00f3 su presencia en la ciudad.<\/p>\n\n\n\n<p>&#8220;Padres, alumnas y alumnos, este es una gran esfuerzo que hace la alcaldesa Carmen Lilia Canturosas Villarreal, a trav\u00e9s del director de Arte y Cultura y de las maestras de la Compa\u00f1\u00eda, porque les permite utilizar gratuitamente el sal\u00f3n de danza, el teatro, esto no se da en ning\u00fan pa\u00eds del mundo porque es muy costoso y aqu\u00ed lo tienen accesible&#8221;, dijo.<\/p>\n\n\n\n<p>&#8220;Esto que est\u00e1n haciendo aqu\u00ed y el traerme a m\u00ed para que ustedes sigan creciendo profesionalmente, lleva detr\u00e1s un esfuerzo digno de apreciarse&#8221;, agreg\u00f3.<\/p>\n\n\n\n<p>Eduardo Blanco es un artista internacional de primer nivel que profesionaliza a compa\u00f1\u00edas de ballet en todo el mundo y entre sus direcciones coreogr\u00e1ficas destaca, en Madrid, parte del montaje del musical &#8220;Hoy no me puedo levantar&#8221; de Nacho y Jos\u00e9 Mar\u00eda Cano.<\/p>\n","protected":false},"excerpt":{"rendered":"<p>Nuevo Laredo, Tamps.- Eduardo Blanco, del Ballet Nacional de Cuba y disc\u00edpulo de la prima ballerina assoluta Alicia Alonso, fue tra\u00eddo por el gobierno que preside Carmen Lilia Canturosas para &hellip; <a href=\"http:\/\/revistalaneta.com.mx\/?p=317\" class=\"more-link\">Leer m\u00e1s<\/a><\/p>\n","protected":false},"author":1,"featured_media":316,"comment_status":"open","ping_status":"open","sticky":false,"template":"","format":"standard","meta":{"footnotes":""},"categories":[4],"tags":[],"class_list":["post-317","post","type-post","status-publish","format-standard","has-post-thumbnail","hentry","category-nuevo-laredo","entry"],"_links":{"self":[{"href":"http:\/\/revistalaneta.com.mx\/index.php?rest_route=\/wp\/v2\/posts\/317","targetHints":{"allow":["GET"]}}],"collection":[{"href":"http:\/\/revistalaneta.com.mx\/index.php?rest_route=\/wp\/v2\/posts"}],"about":[{"href":"http:\/\/revistalaneta.com.mx\/index.php?rest_route=\/wp\/v2\/types\/post"}],"author":[{"embeddable":true,"href":"http:\/\/revistalaneta.com.mx\/index.php?rest_route=\/wp\/v2\/users\/1"}],"replies":[{"embeddable":true,"href":"http:\/\/revistalaneta.com.mx\/index.php?rest_route=%2Fwp%2Fv2%2Fcomments&post=317"}],"version-history":[{"count":1,"href":"http:\/\/revistalaneta.com.mx\/index.php?rest_route=\/wp\/v2\/posts\/317\/revisions"}],"predecessor-version":[{"id":318,"href":"http:\/\/revistalaneta.com.mx\/index.php?rest_route=\/wp\/v2\/posts\/317\/revisions\/318"}],"wp:featuredmedia":[{"embeddable":true,"href":"http:\/\/revistalaneta.com.mx\/index.php?rest_route=\/wp\/v2\/media\/316"}],"wp:attachment":[{"href":"http:\/\/revistalaneta.com.mx\/index.php?rest_route=%2Fwp%2Fv2%2Fmedia&parent=317"}],"wp:term":[{"taxonomy":"category","embeddable":true,"href":"http:\/\/revistalaneta.com.mx\/index.php?rest_route=%2Fwp%2Fv2%2Fcategories&post=317"},{"taxonomy":"post_tag","embeddable":true,"href":"http:\/\/revistalaneta.com.mx\/index.php?rest_route=%2Fwp%2Fv2%2Ftags&post=317"}],"curies":[{"name":"wp","href":"https:\/\/api.w.org\/{rel}","templated":true}]}}