{"id":320,"date":"2022-08-24T05:40:20","date_gmt":"2022-08-24T05:40:20","guid":{"rendered":"http:\/\/revistalaneta.com.mx\/?p=320"},"modified":"2022-08-24T05:40:22","modified_gmt":"2022-08-24T05:40:22","slug":"dif-nuevo-laredo-devuelve-la-vision-a-mas-de-80-personas-a-traves-de-campana-de-cirugia-de-cataratas","status":"publish","type":"post","link":"http:\/\/revistalaneta.com.mx\/?p=320","title":{"rendered":"DIF Nuevo Laredo devuelve la visi\u00f3n a m\u00e1s de 80 personas a trav\u00e9s de Campa\u00f1a de Cirug\u00eda de Cataratas"},"content":{"rendered":"\n<p><\/p>\n\n\n\n<p>Nuevo Laredo, Tamps.-<br \/>M\u00e1s de 80 personas recuperaron su visi\u00f3n gracias a la Campa\u00f1a de Cirug\u00eda de Cataratas del Sistema para el Desarrollo Integral de la Familia (DIF) de Nuevo Laredo que preside la se\u00f1ora Claudette Canturosas de Salinas.<\/p>\n\n\n\n<p>Durante el s\u00e1bado 20 y domingo 21 de agosto se realiz\u00f3 esta intervenci\u00f3n a las personas que ten\u00edan este padecimiento y anteriormente se hab\u00edan inscrito en esta campa\u00f1a para poder recuperar su visi\u00f3n.<\/p>\n\n\n\n<p>La presidenta del Sistema DIF estuvo presente durante los d\u00edas en que se llev\u00f3 a cabo esta importante campa\u00f1a donde conoci\u00f3 personalmente a los beneficiados y corrobor\u00f3 la atenci\u00f3n personal que se les brind\u00f3 a cada uno de ellos.<\/p>\n\n\n\n<p>\u201cEs un gusto poderlos conocer y saber que gracias a esta campa\u00f1a nos es posible ayudarlos a recuperar su visi\u00f3n y mejorar su calidad de vida. El Sistema DIF siempre estar\u00e1 para apoyar a la ciudadan\u00eda, nuestro compromiso es con ustedes\u201d coment\u00f3 la presidenta del patronato, Claudette Canturosas de Salinas.<\/p>\n\n\n\n<p>Las cirug\u00edas se realizaron en el Hospital M\u00e9xico Americano y estuvieron a cargo de la doctora Karen Merit Hern\u00e1ndez Olgu\u00edn, especialista en Oftalmolog\u00eda.<\/p>\n\n\n\n<p>La cirug\u00eda de cataratas tiene un costo de m\u00e1s de 30 mil pesos por ojo, una cantidad dif\u00edcil de costear pero gracias a esta campa\u00f1a del Sistema DIF pueden tener acceso a ella sin pagar un solo peso.<\/p>\n\n\n\n<p>El registro para la campa\u00f1a de Cirug\u00edas de Cataratas se mantiene abierto para que la ciudadan\u00eda que lo requiera se inscriba y pueda recibir este importante beneficio.<\/p>\n","protected":false},"excerpt":{"rendered":"<p>Nuevo Laredo, Tamps.-M\u00e1s de 80 personas recuperaron su visi\u00f3n gracias a la Campa\u00f1a de Cirug\u00eda de Cataratas del Sistema para el Desarrollo Integral de la Familia (DIF) de Nuevo Laredo &hellip; <a href=\"http:\/\/revistalaneta.com.mx\/?p=320\" class=\"more-link\">Leer m\u00e1s<\/a><\/p>\n","protected":false},"author":1,"featured_media":319,"comment_status":"open","ping_status":"open","sticky":false,"template":"","format":"standard","meta":{"footnotes":""},"categories":[4],"tags":[],"class_list":["post-320","post","type-post","status-publish","format-standard","has-post-thumbnail","hentry","category-nuevo-laredo","entry"],"_links":{"self":[{"href":"http:\/\/revistalaneta.com.mx\/index.php?rest_route=\/wp\/v2\/posts\/320","targetHints":{"allow":["GET"]}}],"collection":[{"href":"http:\/\/revistalaneta.com.mx\/index.php?rest_route=\/wp\/v2\/posts"}],"about":[{"href":"http:\/\/revistalaneta.com.mx\/index.php?rest_route=\/wp\/v2\/types\/post"}],"author":[{"embeddable":true,"href":"http:\/\/revistalaneta.com.mx\/index.php?rest_route=\/wp\/v2\/users\/1"}],"replies":[{"embeddable":true,"href":"http:\/\/revistalaneta.com.mx\/index.php?rest_route=%2Fwp%2Fv2%2Fcomments&post=320"}],"version-history":[{"count":1,"href":"http:\/\/revistalaneta.com.mx\/index.php?rest_route=\/wp\/v2\/posts\/320\/revisions"}],"predecessor-version":[{"id":321,"href":"http:\/\/revistalaneta.com.mx\/index.php?rest_route=\/wp\/v2\/posts\/320\/revisions\/321"}],"wp:featuredmedia":[{"embeddable":true,"href":"http:\/\/revistalaneta.com.mx\/index.php?rest_route=\/wp\/v2\/media\/319"}],"wp:attachment":[{"href":"http:\/\/revistalaneta.com.mx\/index.php?rest_route=%2Fwp%2Fv2%2Fmedia&parent=320"}],"wp:term":[{"taxonomy":"category","embeddable":true,"href":"http:\/\/revistalaneta.com.mx\/index.php?rest_route=%2Fwp%2Fv2%2Fcategories&post=320"},{"taxonomy":"post_tag","embeddable":true,"href":"http:\/\/revistalaneta.com.mx\/index.php?rest_route=%2Fwp%2Fv2%2Ftags&post=320"}],"curies":[{"name":"wp","href":"https:\/\/api.w.org\/{rel}","templated":true}]}}