{"id":323,"date":"2022-08-24T05:42:22","date_gmt":"2022-08-24T05:42:22","guid":{"rendered":"http:\/\/revistalaneta.com.mx\/?p=323"},"modified":"2022-08-24T05:42:26","modified_gmt":"2022-08-24T05:42:26","slug":"iluminaran-sector-oriente-con-el-programa-nuevo-laredo-se-prende","status":"publish","type":"post","link":"http:\/\/revistalaneta.com.mx\/?p=323","title":{"rendered":"Iluminar\u00e1n sector oriente con el programa &#8220;Nuevo Laredo se Prende&#8221;"},"content":{"rendered":"\n<p><\/p>\n\n\n\n<p>Nuevo Laredo, Tamps.- A trav\u00e9s de la segunda etapa del programa \u201cNuevo Laredo se Prende\u201d, 6 mil 850 luminarias ser\u00e1n sustituidas por otras de tecnolog\u00eda LED. El Gobierno Municipal invertir\u00e1 30 millones de pesos para iluminar mejor el sector oriente y sur de la ciudad y apoyar el medio ambiente al dejar de producir m\u00e1s de mil toneladas de di\u00f3xido de carbono gracias a estos reemplazos.<\/p>\n\n\n\n<p>Esta fase est\u00e1 a punto de iniciar y se dividir\u00e1 en tres proyectos, para el reemplazo de 6 mil luminarias en colonias como: Victoria, Zaragoza, Guerrero, Sector Centro, entre otras; tambi\u00e9n el cambio de 350 l\u00e1mparas en la Carretera Nacional Nuevo Laredo-Monterrey que comprende el tramo desde el kil\u00f3metro 13 al 22 y la renovaci\u00f3n de 500 faroles en diversos parques y plazas,como la Insurgentes, Alameda de la Mujer y Parque Lineal \u201cLas Torres\u201d.<\/p>\n\n\n\n<p>La Secretar\u00eda de Servicios P\u00fablicos Primarios destin\u00f3 nueve cuadrillas compuestas por alrededor de 35 personas para realizar los reemplazos.<\/p>\n\n\n\n<p>El Coordinador del departamento de Alumbrado P\u00fablico, Even Arredondo Bravo, destac\u00f3 que las Luminarias Led tendr\u00e1n un ahorro significativo de hasta 65 por ciento en el consumo de energ\u00eda el\u00e9ctrica y generar\u00e1 un impacto positivo en el medio ambiente al reducir la emisi\u00f3n de di\u00f3xido de carbono, gas que da\u00f1a la capa de ozono y contribuye al calentamiento global.<\/p>\n\n\n\n<p>\u201cLas instrucciones de la alcaldesa Carmen Lilia Canturosas Villarreal son claras, debemos coadyuvar al bienestar del ciudadano y favorecer al medio ambiente; este Gobierno es congruente en esto ya que la transformaci\u00f3n de las luminarias coloniales a LED dar\u00e1 mayor cobertura de luz y menor consumo de energ\u00eda\u201d, resalt\u00f3.<\/p>\n\n\n\n<p>Inform\u00f3 que desde el inicio de la Administraci\u00f3n Municipal 2021-2024, el indicador de atenci\u00f3n ciudadana del departamento de Alumbrado P\u00fablico se encontraba por debajo del 40 por ciento y ahora, rebasa el 80.<\/p>\n\n\n\n<p>En la primera edici\u00f3n de \u201cNuevo Laredo se Prende\u201d, se renovaron 5 mil 830 luminarias con tecnolog\u00eda LED y se beneficiaron colonias como: Mirador, Francisco Villa, Nueva Era, Uni\u00f3n del Recuerdo y m\u00e1s.<\/p>\n","protected":false},"excerpt":{"rendered":"<p>Nuevo Laredo, Tamps.- A trav\u00e9s de la segunda etapa del programa \u201cNuevo Laredo se Prende\u201d, 6 mil 850 luminarias ser\u00e1n sustituidas por otras de tecnolog\u00eda LED. El Gobierno Municipal invertir\u00e1 &hellip; <a href=\"http:\/\/revistalaneta.com.mx\/?p=323\" class=\"more-link\">Leer m\u00e1s<\/a><\/p>\n","protected":false},"author":1,"featured_media":322,"comment_status":"open","ping_status":"open","sticky":false,"template":"","format":"standard","meta":{"footnotes":""},"categories":[4],"tags":[],"class_list":["post-323","post","type-post","status-publish","format-standard","has-post-thumbnail","hentry","category-nuevo-laredo","entry"],"_links":{"self":[{"href":"http:\/\/revistalaneta.com.mx\/index.php?rest_route=\/wp\/v2\/posts\/323","targetHints":{"allow":["GET"]}}],"collection":[{"href":"http:\/\/revistalaneta.com.mx\/index.php?rest_route=\/wp\/v2\/posts"}],"about":[{"href":"http:\/\/revistalaneta.com.mx\/index.php?rest_route=\/wp\/v2\/types\/post"}],"author":[{"embeddable":true,"href":"http:\/\/revistalaneta.com.mx\/index.php?rest_route=\/wp\/v2\/users\/1"}],"replies":[{"embeddable":true,"href":"http:\/\/revistalaneta.com.mx\/index.php?rest_route=%2Fwp%2Fv2%2Fcomments&post=323"}],"version-history":[{"count":1,"href":"http:\/\/revistalaneta.com.mx\/index.php?rest_route=\/wp\/v2\/posts\/323\/revisions"}],"predecessor-version":[{"id":324,"href":"http:\/\/revistalaneta.com.mx\/index.php?rest_route=\/wp\/v2\/posts\/323\/revisions\/324"}],"wp:featuredmedia":[{"embeddable":true,"href":"http:\/\/revistalaneta.com.mx\/index.php?rest_route=\/wp\/v2\/media\/322"}],"wp:attachment":[{"href":"http:\/\/revistalaneta.com.mx\/index.php?rest_route=%2Fwp%2Fv2%2Fmedia&parent=323"}],"wp:term":[{"taxonomy":"category","embeddable":true,"href":"http:\/\/revistalaneta.com.mx\/index.php?rest_route=%2Fwp%2Fv2%2Fcategories&post=323"},{"taxonomy":"post_tag","embeddable":true,"href":"http:\/\/revistalaneta.com.mx\/index.php?rest_route=%2Fwp%2Fv2%2Ftags&post=323"}],"curies":[{"name":"wp","href":"https:\/\/api.w.org\/{rel}","templated":true}]}}