{"id":34,"date":"2022-08-10T05:14:33","date_gmt":"2022-08-10T05:14:33","guid":{"rendered":"http:\/\/revistalaneta.com.mx.previewc75.carrierzone.com\/?p=34"},"modified":"2022-08-11T15:32:43","modified_gmt":"2022-08-11T15:32:43","slug":"gobierno-municipal-abre-registro-para-segunda-generacion-de-talleres-de-oficio","status":"publish","type":"post","link":"http:\/\/revistalaneta.com.mx\/?p=34","title":{"rendered":"Gobierno Municipal abre registro para segunda generaci\u00f3n de talleres de oficio"},"content":{"rendered":"<div class=\"adM\"><img loading=\"lazy\" decoding=\"async\" class=\"alignnone wp-image-35 size-full\" src=\"http:\/\/revistalaneta.com.mx.previewc75.carrierzone.com\/wp-content\/uploads\/2022\/08\/photo1657147429-1-1.jpeg\" alt=\"\" width=\"1280\" height=\"853\" srcset=\"http:\/\/revistalaneta.com.mx\/wp-content\/uploads\/2022\/08\/photo1657147429-1-1.jpeg 1280w, http:\/\/revistalaneta.com.mx\/wp-content\/uploads\/2022\/08\/photo1657147429-1-1-300x200.jpeg 300w, http:\/\/revistalaneta.com.mx\/wp-content\/uploads\/2022\/08\/photo1657147429-1-1-1024x682.jpeg 1024w, http:\/\/revistalaneta.com.mx\/wp-content\/uploads\/2022\/08\/photo1657147429-1-1-768x512.jpeg 768w, http:\/\/revistalaneta.com.mx\/wp-content\/uploads\/2022\/08\/photo1657147429-1-1-320x213.jpeg 320w, http:\/\/revistalaneta.com.mx\/wp-content\/uploads\/2022\/08\/photo1657147429-1-1-480x320.jpeg 480w, http:\/\/revistalaneta.com.mx\/wp-content\/uploads\/2022\/08\/photo1657147429-1-1-800x533.jpeg 800w\" sizes=\"auto, (max-width: 1280px) 100vw, 1280px\" \/><\/div>\n<div class=\"gmail_quote\">\n<div dir=\"ltr\">\n<p dir=\"ltr\">El Gobierno Municipal anunci\u00f3 el inicio de inscripciones para la segunda generaci\u00f3n de\u00a0 Talleres de Oficio, en esta ocasi\u00f3n se incrementar\u00e1 el n\u00famero de personas que ser\u00e1n beneficiadas, adem\u00e1s se abrieron m\u00e1s especialidades y un nuevo centro comunitario para ofrecer las clases y entrenamiento.<\/p>\n<p dir=\"ltr\">A trav\u00e9s de la plataforma Nuevo Laredo Comunica, la alcaldesa Carmen Lilia Canturosas inform\u00f3 que\u00a0 se agregaron 8\u00a0 nuevos grupos a los 25 existentes en la primera generaci\u00f3n para\u00a0 beneficiar a un mayor n\u00famero de personas.<\/p>\n<p dir=\"ltr\">\u201cInvitamos a la ciudadan\u00eda a que se inscriban a nuestros Talleres y aprovechen la oportunidad de aprender un oficio que les permita adquirir nuevos conocimientos para su desarrollo, esto es parte del compromiso que tenemos como gobierno municipal para la reactivaci\u00f3n econ\u00f3mica y de esta manera tambi\u00e9n generar bienestar en las familias de la ciudad\u201d, destac\u00f3.<\/p>\n<p dir=\"ltr\">\u00a0Se\u00f1al\u00f3 que\u00a0 tras un estudio para conocer los intereses de la poblaci\u00f3n, se a\u00f1adieron los talleres de Instalaciones El\u00e9ctricas, Cocina Italiana, Decoraci\u00f3n de Pasteles y Aplicaci\u00f3n de U\u00f1as.<\/p>\n<p dir=\"ltr\">Se impartir\u00e1n tambi\u00e9n Reposter\u00eda B\u00e1sica, Estilismo Especializado, Barber Shop ll, Cosmetolog\u00eda y Spa Il, Emprendimiento y Administraci\u00f3n I y ll, Ingl\u00e9s ll, Inform\u00e1tica e Internet l y ll, Dise\u00f1o Gr\u00e1fico y Redes Sociales l y ll.<\/p>\n<p dir=\"ltr\">Por su parte, la secretaria de Bienestar Social, Leticia Meneses Camino, recalc\u00f3 el compromiso de la presidenta municipal con la ciudadan\u00eda por la inversi\u00f3n de m\u00e1s de 3 millones 334 mil pesos con los que se rescat\u00f3 el centro comunitario de la Colonia Nueva Victoria que se sumar\u00e1 como sede a la nueva generaci\u00f3n de los talleres de oficio.<\/p>\n<p dir=\"ltr\">\u201cTenemos claro que en esta administraci\u00f3n municipal nadie debe quedarse atr\u00e1s en conocimiento y desarrollo integral, es por eso que en esta segunda edici\u00f3n incrementamos los espacios para que m\u00e1s ciudadanos tengan la oportunidad de capacitarse y emprender o mejorar su situaci\u00f3n de trabajo\u201d, reiter\u00f3.<\/p>\n<p dir=\"ltr\">Los lugares donde se impartir\u00e1n tambi\u00e9n\u00a0 los talleres son: los Centros Comunitarios de Campo Real, Ampliaci\u00f3n el Nogal, Villas de San Miguel, Francisco Villa; adem\u00e1s de \u00a0 los Tamul de Villas del Sol, Colinas del Sur, El Progreso, Villas de San Miguel y Am\u00e9rico Villarreal.<\/p>\n<p dir=\"ltr\">Como requisito se pide ser mayor de 15 a\u00f1os y dos copias de: acta de nacimiento, CURP actualizado, comprobante de domicilio, INE y en caso de ser menor, credencial de padre, madre o tutor, adem\u00e1s, es necesario pagar una cuota de certificaci\u00f3n de la Secretar\u00eda de Educaci\u00f3n P\u00fablica (SEP) valuado en 100 pesos.<\/p>\n<p dir=\"ltr\">La convocatoria estar\u00e1 abierta hasta el viernes 19 de agosto y las inscripciones se pueden realizar en los 10 centros comunitarios donde se impartir\u00e1n los talleres, desde las 12:00 del mediod\u00eda\u00a0 a\u00a0 las 7:00 de la tarde.<\/p>\n<p dir=\"ltr\">Los inscritos iniciar\u00e1n actividades el 29 de agosto y finalizar\u00e1n su curso el 16 de diciembre.<\/p>\n<p dir=\"ltr\">En la primera generaci\u00f3n de Talleres de Oficio, se graduaron 260 j\u00f3venes y adultos que lograron incorporarse al mercado laboral o emprender su propio negocio.<\/p>\n<\/div>\n<\/div>\n","protected":false},"excerpt":{"rendered":"<p>El Gobierno Municipal anunci\u00f3 el inicio de inscripciones para la segunda generaci\u00f3n de\u00a0 Talleres de Oficio, en esta ocasi\u00f3n se incrementar\u00e1 el n\u00famero de personas que ser\u00e1n beneficiadas, adem\u00e1s se &hellip; <a href=\"http:\/\/revistalaneta.com.mx\/?p=34\" class=\"more-link\">Leer m\u00e1s<\/a><\/p>\n","protected":false},"author":1,"featured_media":0,"comment_status":"open","ping_status":"open","sticky":false,"template":"","format":"standard","meta":{"footnotes":""},"categories":[6],"tags":[],"class_list":["post-34","post","type-post","status-publish","format-standard","hentry","category-destacado","entry"],"_links":{"self":[{"href":"http:\/\/revistalaneta.com.mx\/index.php?rest_route=\/wp\/v2\/posts\/34","targetHints":{"allow":["GET"]}}],"collection":[{"href":"http:\/\/revistalaneta.com.mx\/index.php?rest_route=\/wp\/v2\/posts"}],"about":[{"href":"http:\/\/revistalaneta.com.mx\/index.php?rest_route=\/wp\/v2\/types\/post"}],"author":[{"embeddable":true,"href":"http:\/\/revistalaneta.com.mx\/index.php?rest_route=\/wp\/v2\/users\/1"}],"replies":[{"embeddable":true,"href":"http:\/\/revistalaneta.com.mx\/index.php?rest_route=%2Fwp%2Fv2%2Fcomments&post=34"}],"version-history":[{"count":2,"href":"http:\/\/revistalaneta.com.mx\/index.php?rest_route=\/wp\/v2\/posts\/34\/revisions"}],"predecessor-version":[{"id":170,"href":"http:\/\/revistalaneta.com.mx\/index.php?rest_route=\/wp\/v2\/posts\/34\/revisions\/170"}],"wp:attachment":[{"href":"http:\/\/revistalaneta.com.mx\/index.php?rest_route=%2Fwp%2Fv2%2Fmedia&parent=34"}],"wp:term":[{"taxonomy":"category","embeddable":true,"href":"http:\/\/revistalaneta.com.mx\/index.php?rest_route=%2Fwp%2Fv2%2Fcategories&post=34"},{"taxonomy":"post_tag","embeddable":true,"href":"http:\/\/revistalaneta.com.mx\/index.php?rest_route=%2Fwp%2Fv2%2Ftags&post=34"}],"curies":[{"name":"wp","href":"https:\/\/api.w.org\/{rel}","templated":true}]}}