{"id":343,"date":"2022-08-24T22:00:33","date_gmt":"2022-08-24T22:00:33","guid":{"rendered":"http:\/\/revistalaneta.com.mx\/?p=343"},"modified":"2022-08-24T22:00:49","modified_gmt":"2022-08-24T22:00:49","slug":"bronca-en-el-pan","status":"publish","type":"post","link":"http:\/\/revistalaneta.com.mx\/?p=343","title":{"rendered":"Bronca en el PAN"},"content":{"rendered":"\r\n<p>Vaya bronca que se est\u00e1 armando al interior del Partido Acci\u00f3n Nacional (PAN) de Tamaulipas, luego de que el ex senador Jos\u00e9 Juli\u00e1n Sacramento Garza, acusara que se le ha negado por la actual directiva estatal de dicho partido, su registro como aspirante a la dirigencia del mismo instituto pol\u00edtico. Al respecto Sacramento ha dicho que pelear\u00e1 por sus derechos pol\u00edticos, pues es obvio que no le quieren permitir contender por la dirigencia, toda vez que el actual presidente del comit\u00e9 estatal, Luis Ren\u00e9 Cant\u00fa Galv\u00e1n, no quiere tener contrincantes en su intento de reelecci\u00f3n. El registro vence este mi\u00e9rcoles, y hasta el momento de dar a conocer esta informaci\u00f3n Sacramento, quien adem\u00e1s fue candidato a gobernador en el 2010, no se hab\u00eda registrado, por lo que si el jueves amanecemos con la noticia de que no se le permiti\u00f3 inscribirse, va haber mitote grande por parte de quienes no est\u00e1n muy de acuerdo en la reelecci\u00f3n de \u201cEl Cachorro\u201d Cant\u00fa. \u00a1Sopas perico!<br \/><br \/>CONGRESO ESTATAL DE MORENA SER\u00c1 EL PR\u00d3XIMO DOMINGO<br \/>Que siempre s\u00ed se validan las elecciones internas del Movimiento de Regeneraci\u00f3n Nacional (MORENA) celebradas en los Distritos 7 y 9 de Tamaulipas, por lo que no habr\u00e1 reposici\u00f3n de tales comicios, y quienes resultaron electos como consejeros nacionales en las asambleas celebradas el pasado 30 de julio en dichos distritos, se quedan como tales. Por ende, y a la vez, se adelanta el Congreso Estatal de MORENA de Tamaulipas, y ahora se va a realizar este pr\u00f3ximo domingo 28 de agosto, en lugar del domingo 4 de septiembre, como se hab\u00eda anunciado. Y en dicho congreso estatal se va a designar a la nueva directiva de MORENA de Tamaulipas, que dicho sea de paso, estar\u00e1 encabezada por una mujer. Vaya embrollo, pero as\u00ed son los morenistas de \u201cChimoltrufios\u201d, ya que \u201ccomo dicen una cosa, dicen otra\u201d.<\/p>\r\n\r\n\r\n\r\n<figure class=\"wp-block-image size-large\"><img loading=\"lazy\" decoding=\"async\" class=\"aligncenter wp-image-339 size-medium\" src=\"http:\/\/revistalaneta.com.mx.previewc75.carrierzone.com\/wp-content\/uploads\/2022\/08\/image_editor_output_image-820168528-1661377291891-300x206.jpg\" alt=\"\" width=\"300\" height=\"206\" srcset=\"http:\/\/revistalaneta.com.mx\/wp-content\/uploads\/2022\/08\/image_editor_output_image-820168528-1661377291891-300x206.jpg 300w, http:\/\/revistalaneta.com.mx\/wp-content\/uploads\/2022\/08\/image_editor_output_image-820168528-1661377291891-1024x703.jpg 1024w, http:\/\/revistalaneta.com.mx\/wp-content\/uploads\/2022\/08\/image_editor_output_image-820168528-1661377291891-768x527.jpg 768w, http:\/\/revistalaneta.com.mx\/wp-content\/uploads\/2022\/08\/image_editor_output_image-820168528-1661377291891.jpg 1080w\" sizes=\"auto, (max-width: 300px) 100vw, 300px\" \/><\/figure>\r\n\r\n\r\n\r\n<p><br \/><br \/>QUEDA FUERA DE PRESIDENCIABLES CABEZA DE VACA<br \/>De capa ca\u00edda andan los \u201ccabecistas\u201d, luego de que el Gobernador del Estado de Tamaulipas, Francisco Garc\u00eda Cabeza de Vaca, no fuera incluido en la lista de precandidatos que trae el Partido Acci\u00f3n Nacional (PAN) con miras a la candidatura a la Presidencia de la Rep\u00fablica para el 2024. Fue el propio Marko Cort\u00e9s Mendoza, dirigente nacional del blanquiazul, quien dio a conocer los nombres de los siete presidenciables, siendo estos el Gobernador de Yucat\u00e1n, Mauricio Vila Dosal; as\u00ed como la Gobernadora de Chihuahua, Mario Eugenia Campos Galv\u00e1n; el Gobernador de Quer\u00e9taro, Mauricio Kuri Gonz\u00e1lez; la senadora Lily T\u00e9llez Garc\u00eda; los diputados federales Santiago Creel Miranda y Juan Carlos Romero Hicks, as\u00ed como el ex candidato presidencial de este mismo partido en el 2018, Ricardo Anaya Cort\u00e9s. As\u00ed pues Garc\u00eda Cabeza de Vaca qued\u00f3 excluido, siendo que en su momento lo estuvieron considerando, pero ahora ya no. \u00bfPor qu\u00e9 ser\u00e1? \u00bfSer\u00e1 que acaso le auguran un mal futuro? Ya veremos.<br \/><br \/>APRUEBA CONGRESO DEL ESTADO SEM\u00c1FORO DEL AGUA<br \/>Con la finalidad de conocer los riesgos de suministro de agua en la entidad, y con ello implementar acciones para que todos los tamaulipecos cuenten con abasto del vital l\u00edquido, el Congreso del Estado aprob\u00f3 por unanimidad la creaci\u00f3n del Sem\u00e1foro del Agua. Con esto se busca tambi\u00e9n concientizar a la poblaci\u00f3n sobre el cuidado del agua, en momentos en que en algunas zonas del pa\u00eds se est\u00e1 batallando para abastecer del l\u00edquido. La propuesta fue presentada por la diputada local, Alejandra C\u00e1rdenas Castillejos, y se espera que el nuevo mecanismo entre en funciones en cuanto sea publicado en el Peri\u00f3dico Oficial del Estado. De esta manera cuando m\u00e1s sequ\u00eda haya, se pondr\u00e1 el sem\u00e1foro en rojo, y se tomar\u00e1n medidas de prevenci\u00f3n, que incluso pueden llegar a generar el racionamiento del agua, ya por ley, y as\u00ed garantizar el consumo para todos.<\/p>\r\n\r\n\r\n\r\n<figure class=\"wp-block-image size-large\"><img loading=\"lazy\" decoding=\"async\" width=\"300\" height=\"114\" class=\"wp-image-340 aligncenter\" src=\"http:\/\/revistalaneta.com.mx.previewc75.carrierzone.com\/wp-content\/uploads\/2022\/08\/30226611_1659655137482541_8402893022571790336_n-300x114.png\" alt=\"\" srcset=\"http:\/\/revistalaneta.com.mx\/wp-content\/uploads\/2022\/08\/30226611_1659655137482541_8402893022571790336_n-300x114.png 300w, http:\/\/revistalaneta.com.mx\/wp-content\/uploads\/2022\/08\/30226611_1659655137482541_8402893022571790336_n-768x292.png 768w, http:\/\/revistalaneta.com.mx\/wp-content\/uploads\/2022\/08\/30226611_1659655137482541_8402893022571790336_n.png 820w\" sizes=\"auto, (max-width: 300px) 100vw, 300px\" \/><\/figure>\r\n\r\n\r\n\r\n<p><br \/>PROMUEVE PRI A SU DIPUTADA COMO PRESIDENTA DEL CONGRESO<br \/>Y hablando de la diputada local Alejandra C\u00e1rdenas Castillejos, la bancada del Partido Revolucionario Institucional (PRI) en el Congreso del Estado, la va a proponer como presidenta de la mesa directiva para el pr\u00f3ximo periodo ordinario de sesiones. Su compa\u00f1ero y a la vez dirigente estatal del PRI, Edgar Melhem Salinas, ha dado a conocer que por ley le corresponde a la representaci\u00f3n de este partido presidir la mesa directiva por ser la tercera fuerza pol\u00edtica en la presente legislatura, y como tal van a pedir que la mencionada, de extracci\u00f3n pri\u00edsta, sea la titular de la mesa directiva para los pr\u00f3ximos trabajos legislativos. Melhem Salinas manifest\u00f3 que obviamente se va a buscar el <br \/>consenso de las diferentes fuerzas pol\u00edticas para que la diputada C\u00e1rdenas Castillejos pueda obtener dicho encargo a partir del 1 de octubre.<br \/><br \/>GRAN \u00c9XITO BRIGADA DEL ADULTO MAYOR<br \/>Como era de esperarse, muy exitosa result\u00f3 la Brigada del Adulto Mayor que llev\u00f3 a cabo el Club de Leones Centenario que preside Teresa Escare\u00f1o Canchola. Desde temprana hora cientos de abuelitos acudieron a la Cueva Leon\u00edstica para favorecerse con los diversos servicios que all\u00ed se brindaron y que fueron consultas m\u00e9dicas, asesor\u00edas de todo tipo, ex\u00e1menes de la vista y de audiometr\u00eda con entrega de lentes y hasta aparatos de audio, loter\u00eda, convivio y dem\u00e1s asistencias, todo totalmente gratis. F\u00e1cilmente fueron m\u00e1s de 500 adultos mayores los beneficiados. De esta manera el referido club social reanud\u00f3 esta campa\u00f1a, la cual estuvo suspendida en los dos \u00faltimos a\u00f1os por cuestiones de la pandemia.<\/p>\r\n\r\n\r\n\r\n<figure class=\"wp-block-image\"><img loading=\"lazy\" decoding=\"async\" class=\"aligncenter wp-image-341 size-medium\" src=\"http:\/\/revistalaneta.com.mx.previewc75.carrierzone.com\/wp-content\/uploads\/2022\/08\/273830589_4936337039722550_8187479427433435390_n-300x300.jpg\" alt=\"\" width=\"300\" height=\"300\" srcset=\"http:\/\/revistalaneta.com.mx\/wp-content\/uploads\/2022\/08\/273830589_4936337039722550_8187479427433435390_n-300x300.jpg 300w, http:\/\/revistalaneta.com.mx\/wp-content\/uploads\/2022\/08\/273830589_4936337039722550_8187479427433435390_n-1024x1024.jpg 1024w, http:\/\/revistalaneta.com.mx\/wp-content\/uploads\/2022\/08\/273830589_4936337039722550_8187479427433435390_n-150x150.jpg 150w, http:\/\/revistalaneta.com.mx\/wp-content\/uploads\/2022\/08\/273830589_4936337039722550_8187479427433435390_n-768x768.jpg 768w, http:\/\/revistalaneta.com.mx\/wp-content\/uploads\/2022\/08\/273830589_4936337039722550_8187479427433435390_n-1536x1536.jpg 1536w, http:\/\/revistalaneta.com.mx\/wp-content\/uploads\/2022\/08\/273830589_4936337039722550_8187479427433435390_n.jpg 1934w\" sizes=\"auto, (max-width: 300px) 100vw, 300px\" \/><\/figure>\r\n\r\n\r\n\r\n<p><br \/>QUE AHORA S\u00cd VIENE EL AGUA<br \/>Ya hasta me da pena decir que va a llover, porque luego eso no sucede y uno queda mal, pero pues el pron\u00f3stico del tiempo establece que en lo sucesivo y hasta el martes de la semana que viene, habr\u00e1 chubascos en la regi\u00f3n, por lo que a ver si se cumplen tales augurios (de hecho al momento de hacer estos garabatos ya estaba bien nublado). Aqu\u00ed lo importante es que si llega a llover seguido en estos pr\u00f3ximos d\u00edas, el mes en curso se convertir\u00e1 en el agosto m\u00e1s lluvioso de los \u00faltimos 40 a\u00f1os en Nuevo Laredo, ya que realmente en agosto casi no llueve, y cuando ha llovido no ha sido tan intenso, como ahora.<br \/><br \/>LO \u00daLTIMO<br \/>Muy bien celebrado estuvo el regidor Viviano V\u00e1zquez Mac\u00edas por sus compa\u00f1eros regidores, al celebrar su cumplea\u00f1os n\u00famero 44, lo cual le fue festejado en la Sala de Regidores, con tem\u00e1tica de su equipo de f\u00fatbol, el Atlas. Esto comprueba lo bien que se lleva Viviano con sus colegas ediles\u2026 El regidor Daniel Trevi\u00f1o Mart\u00ednez contin\u00faa con la entrega de apoyo alimentario a familias de su sector. Es de los que constantemente acude con sus representados, y sobre todo a los que m\u00e1s necesitan, no como otros regidores que solo les dan a unos cuantos, que son los mismos de siempre\u2026 Luis Cavazos C\u00e1rdenas sigue siendo el regidor con asistencia perfecta en la Sala de Regidores, no falla, y llega desde las ocho de la ma\u00f1ana. En cambio hay otros que se aparecen solo en quincena, y solo por unos cuantos minutos\u2026 El doctor Jorge Ram\u00edrez Rubio sigue organizando reuniones los fines de semana en diferentes sectores de la ciudad, escuchando las peticiones ciudadanas, y a la vez atendi\u00e9ndolas, porque escuchar todos, pero dar respuesta inmediata, pocos.<\/p>\r\n<p>&nbsp;<\/p>\r\n","protected":false},"excerpt":{"rendered":"<p>Vaya bronca que se est\u00e1 armando al interior del Partido Acci\u00f3n Nacional (PAN) de Tamaulipas, luego de que el ex senador Jos\u00e9 Juli\u00e1n Sacramento Garza, acusara que se le ha &hellip; <a href=\"http:\/\/revistalaneta.com.mx\/?p=343\" class=\"more-link\">Leer m\u00e1s<\/a><\/p>\n","protected":false},"author":1,"featured_media":102,"comment_status":"open","ping_status":"open","sticky":false,"template":"","format":"standard","meta":{"footnotes":""},"categories":[2,3],"tags":[],"class_list":["post-343","post","type-post","status-publish","format-standard","has-post-thumbnail","hentry","category-chismorreo","category-opinion","entry"],"_links":{"self":[{"href":"http:\/\/revistalaneta.com.mx\/index.php?rest_route=\/wp\/v2\/posts\/343","targetHints":{"allow":["GET"]}}],"collection":[{"href":"http:\/\/revistalaneta.com.mx\/index.php?rest_route=\/wp\/v2\/posts"}],"about":[{"href":"http:\/\/revistalaneta.com.mx\/index.php?rest_route=\/wp\/v2\/types\/post"}],"author":[{"embeddable":true,"href":"http:\/\/revistalaneta.com.mx\/index.php?rest_route=\/wp\/v2\/users\/1"}],"replies":[{"embeddable":true,"href":"http:\/\/revistalaneta.com.mx\/index.php?rest_route=%2Fwp%2Fv2%2Fcomments&post=343"}],"version-history":[{"count":5,"href":"http:\/\/revistalaneta.com.mx\/index.php?rest_route=\/wp\/v2\/posts\/343\/revisions"}],"predecessor-version":[{"id":348,"href":"http:\/\/revistalaneta.com.mx\/index.php?rest_route=\/wp\/v2\/posts\/343\/revisions\/348"}],"wp:featuredmedia":[{"embeddable":true,"href":"http:\/\/revistalaneta.com.mx\/index.php?rest_route=\/wp\/v2\/media\/102"}],"wp:attachment":[{"href":"http:\/\/revistalaneta.com.mx\/index.php?rest_route=%2Fwp%2Fv2%2Fmedia&parent=343"}],"wp:term":[{"taxonomy":"category","embeddable":true,"href":"http:\/\/revistalaneta.com.mx\/index.php?rest_route=%2Fwp%2Fv2%2Fcategories&post=343"},{"taxonomy":"post_tag","embeddable":true,"href":"http:\/\/revistalaneta.com.mx\/index.php?rest_route=%2Fwp%2Fv2%2Ftags&post=343"}],"curies":[{"name":"wp","href":"https:\/\/api.w.org\/{rel}","templated":true}]}}