{"id":350,"date":"2022-08-25T05:30:31","date_gmt":"2022-08-25T05:30:31","guid":{"rendered":"http:\/\/revistalaneta.com.mx\/?p=350"},"modified":"2022-08-25T05:44:28","modified_gmt":"2022-08-25T05:44:28","slug":"dedicaran-un-espacio-en-las-sesiones-de-cabildo-para-honrar-historia-de-nuevo-laredo","status":"publish","type":"post","link":"http:\/\/revistalaneta.com.mx\/?p=350","title":{"rendered":"Dedicar\u00e1n un espacio en las sesiones de Cabildo para honrar historia de Nuevo Laredo"},"content":{"rendered":"\n<p><\/p>\n\n\n\n<p>Nuevo Laredo, Tamps.- Con la finalidad de difundir el patrimonio hist\u00f3rico y cultural y reconocer la grandeza de la Ciudad, en la junta de Cabildo se acord\u00f3 dedicar un espacio peri\u00f3dicamente en cada sesi\u00f3n para difundir episodios de la gran historia de Nuevo Laredo.<\/p>\n\n\n\n<p>Juan \u00c1ngel Mart\u00ednez Salazar, secretario del Ayuntamiento hizo la presentaci\u00f3n de la gaceta municipal, la que est\u00e1 al alcance de la ciudadan\u00eda en la p\u00e1gina oficial del Archivo Hist\u00f3rico https:\/\/www.facebook.com\/archivo.general.1 como un ejemplar digital.<\/p>\n\n\n\n<p>\u201cQueremos dedicar peri\u00f3dicamente un espacio en las sesiones de Cabildo para dar a conocer la gaceta municipal en la cual se publican diferentes actividades inherentes al gobierno municipal, analizado desde la perspectiva del relato hist\u00f3rico\u201d,se\u00f1al\u00f3 Mart\u00ednez Salazar.<\/p>\n\n\n\n<p>La Gaceta del Archivo es una publicaci\u00f3n trimestral, ofrece en sus dos ediciones algunos tesoros hist\u00f3ricos, como fotograf\u00edas y piezas art\u00edsticas que son parte del patrimonio cultural de Nuevo Laredo.<\/p>\n\n\n\n<p>Tambi\u00e9n hace un recorrido hist\u00f3rico por lugares que distinguen a Nuevo Laredo, como plazas y monumentos y por los momentos que forjaron desde su fundaci\u00f3n a Nuevo Laredo.<\/p>\n\n\n\n<p>Nuevo Laredo es rico en historia y llena de nacionalismo por la forma en que surgi\u00f3 esta Ciudad y con justa raz\u00f3n lo lleva en su lema \u201cSiempre con la Patria\u201d.<\/p>\n","protected":false},"excerpt":{"rendered":"<p>Nuevo Laredo, Tamps.- Con la finalidad de difundir el patrimonio hist\u00f3rico y cultural y reconocer la grandeza de la Ciudad, en la junta de Cabildo se acord\u00f3 dedicar un espacio &hellip; <a href=\"http:\/\/revistalaneta.com.mx\/?p=350\" class=\"more-link\">Leer m\u00e1s<\/a><\/p>\n","protected":false},"author":1,"featured_media":367,"comment_status":"open","ping_status":"open","sticky":false,"template":"","format":"standard","meta":{"footnotes":""},"categories":[4],"tags":[],"class_list":["post-350","post","type-post","status-publish","format-standard","has-post-thumbnail","hentry","category-nuevo-laredo","entry"],"_links":{"self":[{"href":"http:\/\/revistalaneta.com.mx\/index.php?rest_route=\/wp\/v2\/posts\/350","targetHints":{"allow":["GET"]}}],"collection":[{"href":"http:\/\/revistalaneta.com.mx\/index.php?rest_route=\/wp\/v2\/posts"}],"about":[{"href":"http:\/\/revistalaneta.com.mx\/index.php?rest_route=\/wp\/v2\/types\/post"}],"author":[{"embeddable":true,"href":"http:\/\/revistalaneta.com.mx\/index.php?rest_route=\/wp\/v2\/users\/1"}],"replies":[{"embeddable":true,"href":"http:\/\/revistalaneta.com.mx\/index.php?rest_route=%2Fwp%2Fv2%2Fcomments&post=350"}],"version-history":[{"count":1,"href":"http:\/\/revistalaneta.com.mx\/index.php?rest_route=\/wp\/v2\/posts\/350\/revisions"}],"predecessor-version":[{"id":351,"href":"http:\/\/revistalaneta.com.mx\/index.php?rest_route=\/wp\/v2\/posts\/350\/revisions\/351"}],"wp:featuredmedia":[{"embeddable":true,"href":"http:\/\/revistalaneta.com.mx\/index.php?rest_route=\/wp\/v2\/media\/367"}],"wp:attachment":[{"href":"http:\/\/revistalaneta.com.mx\/index.php?rest_route=%2Fwp%2Fv2%2Fmedia&parent=350"}],"wp:term":[{"taxonomy":"category","embeddable":true,"href":"http:\/\/revistalaneta.com.mx\/index.php?rest_route=%2Fwp%2Fv2%2Fcategories&post=350"},{"taxonomy":"post_tag","embeddable":true,"href":"http:\/\/revistalaneta.com.mx\/index.php?rest_route=%2Fwp%2Fv2%2Ftags&post=350"}],"curies":[{"name":"wp","href":"https:\/\/api.w.org\/{rel}","templated":true}]}}