{"id":353,"date":"2022-08-25T05:32:35","date_gmt":"2022-08-25T05:32:35","guid":{"rendered":"http:\/\/revistalaneta.com.mx\/?p=353"},"modified":"2022-08-25T05:32:38","modified_gmt":"2022-08-25T05:32:38","slug":"convocan-a-escritores-de-los-dos-laredos-a-participar-en-encuentro-internacional","status":"publish","type":"post","link":"http:\/\/revistalaneta.com.mx\/?p=353","title":{"rendered":"Convocan a escritores de los Dos Laredos a participar en encuentro internacional"},"content":{"rendered":"\n<p><\/p>\n\n\n\n<p>Nuevo Laredo, Tamps.- La Direcci\u00f3n de Arte y Cultura de Nuevo Laredo, en coordinaci\u00f3n con la UNAM-San Antonio y la Texas A&amp;M International University de Laredo, Texas, convocan a los escritores de los estados del norte de M\u00e9xico y del sur de Estados Unidos a participar en el XI Encuentro de Escritores &#8220;Letras de la Frontera&#8221;, el cual se llevar\u00e1 a cabo el 22 y 23 de septiembre de 2022 en Nuevo Laredo, Tamaulipas y en Laredo, Texas.<\/p>\n\n\n\n<p>Marcos Rodr\u00edguez Leija, director de Arte y Cultura del Gobierno de Nuevo Laredo (DAyC), inform\u00f3 que los interesados deber\u00e1n presentar una propuesta de participaci\u00f3n en espa\u00f1ol, que sea obra de su autor\u00eda (in\u00e9dita o publicada) en los g\u00e9neros de poes\u00eda, narrativa o ensayo. El tema es totalmente libre.<\/p>\n\n\n\n<p>Los interesados deber\u00e1n enviar su material al correo electr\u00f3nico: convocatorias@letrasenlafrontera.org hasta el 5 de septiembre de 2022 y ser\u00e1n los organizadores quienes evaluar\u00e1n el material y determinar\u00e1n, de acuerdo a la calidad, el n\u00famero de participantes.<\/p>\n\n\n\n<p>El env\u00edo deber\u00e1 contener una muestra de la obra de la autor\u00eda del escritor interesado en participar (en documento Word o PDF) o mediante un enlace de sitio electr\u00f3nico; tambi\u00e9n deber\u00e1 incluir una semblanza breve y manifestar en cu\u00e1l de los Dos Laredos desea participar. Dependiendo del n\u00famero de participantes en el encuentro se considerar\u00e1 la participaci\u00f3n del interesado en las dos ciudades.<\/p>\n\n\n\n<p>Las erogaciones que se incurran debido a la participaci\u00f3n de los escritores en este encuentro (transporte, hospedaje, vi\u00e1ticos) correr\u00e1n por cuenta de cada participante y los puntos no previstos ser\u00e1n resueltos por la instituciones convocantes.<\/p>\n\n\n\n<p>Las sedes en las cuales se llevar\u00e1 a cabo esta actividad son: la biblioteca &#8220;Octavio Paz&#8221;, la preparatoria &#8220;Elena Poniatowska&#8221; y &#8220;Estaci\u00f3n Palabra &#8216;Gabriel Garc\u00eda M\u00e1rquez'&#8221; en Nuevo Laredo; as\u00ed como en la Texas A&amp;M International University de Laredo, Texas.<\/p>\n\n\n\n<p>&#8220;El objetivo de esta actividad es traer a la ciudad escritores de renombre que compartan su conocimiento con la comunidad y tengan un acercamiento con los escritores de la regi\u00f3n; adem\u00e1s de emprender, con una visi\u00f3n metropolitana, acciones conjuntas con instituciones de Estados Unidos para abrirle espacios a la comunidad art\u00edstica local en el extranjero y los vincule con personas que pueden proyectar su trabajo creativo&#8221;, dijo el director de DAyC.<\/p>\n","protected":false},"excerpt":{"rendered":"<p>Nuevo Laredo, Tamps.- La Direcci\u00f3n de Arte y Cultura de Nuevo Laredo, en coordinaci\u00f3n con la UNAM-San Antonio y la Texas A&amp;M International University de Laredo, Texas, convocan a los &hellip; <a href=\"http:\/\/revistalaneta.com.mx\/?p=353\" class=\"more-link\">Leer m\u00e1s<\/a><\/p>\n","protected":false},"author":1,"featured_media":352,"comment_status":"open","ping_status":"open","sticky":false,"template":"","format":"standard","meta":{"footnotes":""},"categories":[4],"tags":[],"class_list":["post-353","post","type-post","status-publish","format-standard","has-post-thumbnail","hentry","category-nuevo-laredo","entry"],"_links":{"self":[{"href":"http:\/\/revistalaneta.com.mx\/index.php?rest_route=\/wp\/v2\/posts\/353","targetHints":{"allow":["GET"]}}],"collection":[{"href":"http:\/\/revistalaneta.com.mx\/index.php?rest_route=\/wp\/v2\/posts"}],"about":[{"href":"http:\/\/revistalaneta.com.mx\/index.php?rest_route=\/wp\/v2\/types\/post"}],"author":[{"embeddable":true,"href":"http:\/\/revistalaneta.com.mx\/index.php?rest_route=\/wp\/v2\/users\/1"}],"replies":[{"embeddable":true,"href":"http:\/\/revistalaneta.com.mx\/index.php?rest_route=%2Fwp%2Fv2%2Fcomments&post=353"}],"version-history":[{"count":1,"href":"http:\/\/revistalaneta.com.mx\/index.php?rest_route=\/wp\/v2\/posts\/353\/revisions"}],"predecessor-version":[{"id":354,"href":"http:\/\/revistalaneta.com.mx\/index.php?rest_route=\/wp\/v2\/posts\/353\/revisions\/354"}],"wp:featuredmedia":[{"embeddable":true,"href":"http:\/\/revistalaneta.com.mx\/index.php?rest_route=\/wp\/v2\/media\/352"}],"wp:attachment":[{"href":"http:\/\/revistalaneta.com.mx\/index.php?rest_route=%2Fwp%2Fv2%2Fmedia&parent=353"}],"wp:term":[{"taxonomy":"category","embeddable":true,"href":"http:\/\/revistalaneta.com.mx\/index.php?rest_route=%2Fwp%2Fv2%2Fcategories&post=353"},{"taxonomy":"post_tag","embeddable":true,"href":"http:\/\/revistalaneta.com.mx\/index.php?rest_route=%2Fwp%2Fv2%2Ftags&post=353"}],"curies":[{"name":"wp","href":"https:\/\/api.w.org\/{rel}","templated":true}]}}