{"id":359,"date":"2022-08-25T05:36:44","date_gmt":"2022-08-25T05:36:44","guid":{"rendered":"http:\/\/revistalaneta.com.mx\/?p=359"},"modified":"2022-08-25T05:36:46","modified_gmt":"2022-08-25T05:36:46","slug":"aprovechan-padres-de-familia-para-encontrar-utiles-escolares-en-expo-regreso-a-clases","status":"publish","type":"post","link":"http:\/\/revistalaneta.com.mx\/?p=359","title":{"rendered":"Aprovechan padres de familia para encontrar \u00fatiles escolares en &#8220;Expo Regreso a Clases&#8221;"},"content":{"rendered":"\n<p><\/p>\n\n\n\n<p>Nuevo Laredo, Tamps.- La primera \u201cExpo Regreso a clases 2022\u201d en la que trabajan el Gobierno Municipal y la Iniciativa Privada, se realiz\u00f3 este mi\u00e9rcoles para apoyar la econom\u00eda familiar y respaldar a los negocios locales.<\/p>\n\n\n\n<p>Hubo m\u00e1s de 40 negocios de la localidad afiliados a la Canaco que se instalaron en el Centro C\u00edvico \u201cCarlos Cant\u00fa Rosas\u201d, los cuales ofertaron art\u00edculos escolares desde mochilas, cuadernos, libros, entre otros art\u00edculos para este regreso a clases.<\/p>\n\n\n\n<p>\u201cContinuamos apoyando a los comercios locales con actividades productivas en las que la poblaci\u00f3n encuentre lo necesario para el inicio del ciclo escolar, aqu\u00ed est\u00e1n todos con sus productos\u201d, dijo Jaime Mireles, director de Comercio, Empleo y Pymes.<\/p>\n\n\n\n<p>El Presidente de la Canaco mencion\u00f3 que anteriormente no se hab\u00eda dado un evento en el que participara la iniciativa privada en conjunto con la administraci\u00f3n municipal para impulsar el comercio organizado y as\u00ed como beneficiar a los padres de familia.<\/p>\n\n\n\n<p>\u201cNunca antes se hab\u00eda dado la apertura entre Presidencia e Iniciativa Privada, los v\u00ednculos de comunicaci\u00f3n que se han abierto permiten este tipo de actividades, es un evento muy positivo\u201d, dijo Eliud Cienega Jurado, Presidente de la Canaco.<\/p>\n\n\n\n<p>Los comercios locales que se instalaron brindaron descuentos y mejores precios para que los ciudadanos surtieran la lista de \u00fatiles escolares.<\/p>\n\n\n\n<p>Los padres de familia gastan en promedio en \u00fatiles escolares y uniformes m\u00e1s de 2 mil pesos, en la Expo Regreso a clases se ahorraron entre el 10 y el 30 por ciento, por lo que manifestaron su agradecimiento al gobierno municipal por realizar este tipo de eventos como la en la que pudieron encontrar bajo un mismo techo gran variedad de art\u00edculos que les solicitaron en las escuelas.<\/p>\n\n\n\n<p>\u201cQu\u00e9 bueno que realizaron esto porque hemos buscado en varios lugares, ahora tenemos variedad para poder encontrarlos, fue muy buena opci\u00f3n porque nos ayudan, gracias al gobierno porque nos facilita encontrar lo que necesitamos\u201d, Jos\u00e9 Jes\u00fas Cristian, padre de familia.<\/p>\n\n\n\n<p>En el evento estuvieron presentes el secretario de Desarrollo Econ\u00f3mico, Rolando Guevara Gonz\u00e1lez; Francisco Iv\u00e1n Torres, director de Desarrollo Industrial y Comercio Exterior; los regidores Viviano V\u00e1zquez y Ariana Garza y Yadira Lara, Coordinadora de la Bolsa del Empleo.<\/p>\n","protected":false},"excerpt":{"rendered":"<p>Nuevo Laredo, Tamps.- La primera \u201cExpo Regreso a clases 2022\u201d en la que trabajan el Gobierno Municipal y la Iniciativa Privada, se realiz\u00f3 este mi\u00e9rcoles para apoyar la econom\u00eda familiar &hellip; <a href=\"http:\/\/revistalaneta.com.mx\/?p=359\" class=\"more-link\">Leer m\u00e1s<\/a><\/p>\n","protected":false},"author":1,"featured_media":358,"comment_status":"open","ping_status":"open","sticky":false,"template":"","format":"standard","meta":{"footnotes":""},"categories":[4],"tags":[],"class_list":["post-359","post","type-post","status-publish","format-standard","has-post-thumbnail","hentry","category-nuevo-laredo","entry"],"_links":{"self":[{"href":"http:\/\/revistalaneta.com.mx\/index.php?rest_route=\/wp\/v2\/posts\/359","targetHints":{"allow":["GET"]}}],"collection":[{"href":"http:\/\/revistalaneta.com.mx\/index.php?rest_route=\/wp\/v2\/posts"}],"about":[{"href":"http:\/\/revistalaneta.com.mx\/index.php?rest_route=\/wp\/v2\/types\/post"}],"author":[{"embeddable":true,"href":"http:\/\/revistalaneta.com.mx\/index.php?rest_route=\/wp\/v2\/users\/1"}],"replies":[{"embeddable":true,"href":"http:\/\/revistalaneta.com.mx\/index.php?rest_route=%2Fwp%2Fv2%2Fcomments&post=359"}],"version-history":[{"count":1,"href":"http:\/\/revistalaneta.com.mx\/index.php?rest_route=\/wp\/v2\/posts\/359\/revisions"}],"predecessor-version":[{"id":360,"href":"http:\/\/revistalaneta.com.mx\/index.php?rest_route=\/wp\/v2\/posts\/359\/revisions\/360"}],"wp:featuredmedia":[{"embeddable":true,"href":"http:\/\/revistalaneta.com.mx\/index.php?rest_route=\/wp\/v2\/media\/358"}],"wp:attachment":[{"href":"http:\/\/revistalaneta.com.mx\/index.php?rest_route=%2Fwp%2Fv2%2Fmedia&parent=359"}],"wp:term":[{"taxonomy":"category","embeddable":true,"href":"http:\/\/revistalaneta.com.mx\/index.php?rest_route=%2Fwp%2Fv2%2Fcategories&post=359"},{"taxonomy":"post_tag","embeddable":true,"href":"http:\/\/revistalaneta.com.mx\/index.php?rest_route=%2Fwp%2Fv2%2Ftags&post=359"}],"curies":[{"name":"wp","href":"https:\/\/api.w.org\/{rel}","templated":true}]}}