{"id":378,"date":"2022-08-26T00:52:06","date_gmt":"2022-08-26T00:52:06","guid":{"rendered":"http:\/\/revistalaneta.com.mx\/?p=378"},"modified":"2022-08-26T00:52:22","modified_gmt":"2022-08-26T00:52:22","slug":"volvera-el-colorido-y-la-alegria-por-desfile-de-la-independencia-de-mexico","status":"publish","type":"post","link":"http:\/\/revistalaneta.com.mx\/?p=378","title":{"rendered":"Volver\u00e1 el colorido y la alegr\u00eda por desfile de la Independencia de M\u00e9xico"},"content":{"rendered":"\n<p><\/p>\n\n\n\n<p>Nuevo Laredo, Tamps.- Despu\u00e9s de dos a\u00f1os de pandemia, el tradicional desfile conmemorativo por el inicio de la lucha por la Independencia de M\u00e9xico se volver\u00e1 a celebrar con la participaci\u00f3n de 30 escuelas en sus diversos niveles educativos, desde preescolar hasta secundaria.<\/p>\n\n\n\n<p>Agreg\u00f3 que esta decisi\u00f3n se tom\u00f3 luego de sostener una reuni\u00f3n con jefes de distintos sectores como preescolar, primaria, secundaria y otras autoridades educativas.<\/p>\n\n\n\n<p>\u201cAnte la noticia se mostraron contentos porque reanudaremos esta actividad tradicional donde damos continuidad a nuestros valores c\u00edvicos que tenemos como mexicanos y que se acent\u00faa en nuestra identidad nacional\u201d, expres\u00f3 el director de Educaci\u00f3n Municipal Francisco Javier Altamirano Carrasco.<\/p>\n\n\n\n<p>Adelant\u00f3 que se tendr\u00e1 otra reuni\u00f3n referente al desfile, esta vez para sumar a los niveles superiores de educaci\u00f3n en los festejos del 212 aniversario de la Independencia de M\u00e9xico.<\/p>\n\n\n\n<p>El desfile ser\u00e1 el 16 de septiembre, a las 9:00 de la ma\u00f1ana, fecha en que se celebra el inicio de la Independencia Nacional y tendr\u00e1 como punto de partida el crucero de Guerrero y Doctor Mier y terminar\u00e1 en el crucero de Per\u00fa y Guerrero, pasando por el templete de la calle H\u00e9roe de Nacataz y Guerrero, frente a la Presidencia Municipal.<\/p>\n\n\n\n<p>Altamirano Carrasco explic\u00f3 que se present\u00f3 la convocatoria a los jefes del sector, posteriormente ellos la replicar\u00e1n en las escuelas que representan.<\/p>\n\n\n\n<p>La participaci\u00f3n se har\u00e1 respetando las medidas sanitarias ante el Covid-19 y que cada escuela tendr\u00e1 un contingente de 60 a 120 alumnos.<\/p>\n","protected":false},"excerpt":{"rendered":"<p>Nuevo Laredo, Tamps.- Despu\u00e9s de dos a\u00f1os de pandemia, el tradicional desfile conmemorativo por el inicio de la lucha por la Independencia de M\u00e9xico se volver\u00e1 a celebrar con la &hellip; <a href=\"http:\/\/revistalaneta.com.mx\/?p=378\" class=\"more-link\">Leer m\u00e1s<\/a><\/p>\n","protected":false},"author":1,"featured_media":377,"comment_status":"open","ping_status":"open","sticky":false,"template":"","format":"standard","meta":{"footnotes":""},"categories":[4],"tags":[],"class_list":["post-378","post","type-post","status-publish","format-standard","has-post-thumbnail","hentry","category-nuevo-laredo","entry"],"_links":{"self":[{"href":"http:\/\/revistalaneta.com.mx\/index.php?rest_route=\/wp\/v2\/posts\/378","targetHints":{"allow":["GET"]}}],"collection":[{"href":"http:\/\/revistalaneta.com.mx\/index.php?rest_route=\/wp\/v2\/posts"}],"about":[{"href":"http:\/\/revistalaneta.com.mx\/index.php?rest_route=\/wp\/v2\/types\/post"}],"author":[{"embeddable":true,"href":"http:\/\/revistalaneta.com.mx\/index.php?rest_route=\/wp\/v2\/users\/1"}],"replies":[{"embeddable":true,"href":"http:\/\/revistalaneta.com.mx\/index.php?rest_route=%2Fwp%2Fv2%2Fcomments&post=378"}],"version-history":[{"count":1,"href":"http:\/\/revistalaneta.com.mx\/index.php?rest_route=\/wp\/v2\/posts\/378\/revisions"}],"predecessor-version":[{"id":379,"href":"http:\/\/revistalaneta.com.mx\/index.php?rest_route=\/wp\/v2\/posts\/378\/revisions\/379"}],"wp:featuredmedia":[{"embeddable":true,"href":"http:\/\/revistalaneta.com.mx\/index.php?rest_route=\/wp\/v2\/media\/377"}],"wp:attachment":[{"href":"http:\/\/revistalaneta.com.mx\/index.php?rest_route=%2Fwp%2Fv2%2Fmedia&parent=378"}],"wp:term":[{"taxonomy":"category","embeddable":true,"href":"http:\/\/revistalaneta.com.mx\/index.php?rest_route=%2Fwp%2Fv2%2Fcategories&post=378"},{"taxonomy":"post_tag","embeddable":true,"href":"http:\/\/revistalaneta.com.mx\/index.php?rest_route=%2Fwp%2Fv2%2Ftags&post=378"}],"curies":[{"name":"wp","href":"https:\/\/api.w.org\/{rel}","templated":true}]}}